{"id":3515,"date":"2026-04-24T11:30:19","date_gmt":"2026-04-24T09:30:19","guid":{"rendered":"https:\/\/www.diocesi.pavia.it\/ilpapaapavia\/?p=3515"},"modified":"2026-04-24T11:30:19","modified_gmt":"2026-04-24T09:30:19","slug":"don-giulio-lunati-la-visita-del-papa-segno-di-speranza-e-richiamo-alla-pace","status":"publish","type":"post","link":"https:\/\/www.diocesi.pavia.it\/ilpapaapavia\/2026\/04\/24\/don-giulio-lunati-la-visita-del-papa-segno-di-speranza-e-richiamo-alla-pace\/","title":{"rendered":"Don Giulio Lunati: \u201cLa visita del Papa? Segno di speranza e richiamo alla pace\u201d"},"content":{"rendered":"<p>C\u2019\u00e8 una gioia sobria, quasi trattenuta, nelle parole di don Giulio Lunati, parroco del Borgo Ticino a Pavia, quando parla dell\u2019attesa per la visita di Papa Leone XIV in programma sabato 20 giugno. Una gioia che non ha bisogno di enfasi, ma che si radica in una stima profonda per il Pontefice e per il suo magistero.<br \/>\n\u201c<em>Sono molto contento che il Papa venga a Pavia<\/em> \u2013 afferma \u2013 <em>e la mia stima per lui continua a crescere per le sue parole chiare in difesa della pace<\/em>\u201d. Un tratto, questo, che don Lunati riconosce come uno dei fili conduttori pi\u00f9 significativi del pontificato di Leone: la capacit\u00e0 di parlare con semplicit\u00e0 e insieme con fermezza su temi decisivi per il tempo presente ed in un periodo storico non solo caratterizzato da tensioni allarmanti a livello internazionale, ma anche \u201cannerito\u201d dalle parole di ostilit\u00e0 che il presidente americano Donald Trump ha rivolto di recente al Pontefice.<br \/>\nA colpire don Giulio, in particolare, \u00e8 lo stile personale di Papa Leone XIV: \u201c<em>Mi piace la sua pacatezza riflessiva<\/em> \u2013 osserva \u2013 <em>e soprattutto la franchezza e la decisione con la quale richiama alla giustizia e alla pace<\/em>\u201d. Un equilibrio non scontato, tra mitezza e determinazione, che sembra intercettare il bisogno diffuso di parole credibili, capaci di orientare senza alzare i toni.<br \/>\nCon una nota di umanit\u00e0, don Giulio aggiunge anche un dettaglio curioso: \u201c<em>Apprezzo che sia laureato in matematica<\/em>\u201d, dice con un sorriso, quasi a sottolineare un profilo che unisce rigore e profondit\u00e0, un tratto che lo lega alla sua vita personale, visto che lo stesso don Lunati \u00e8 laureato in matematica.<br \/>\nGuardando alla visita in s\u00e9, il parroco invita per\u00f2 a non caricarla di aspettative improprie: \u201c<em>Mi pare che il focus sar\u00e0 sant\u2019Agostino pi\u00f9 che la Diocesi in s\u00e9<\/em> \u2013 spiega \u2013 <em>e che la permanenza sar\u00e0 molto breve<\/em>\u201d; breve ed essenziale s\u00ec, ma non per questo meno significativa e che si inserisce nel solco della tradizione agostiniana cos\u00ec radicata nel territorio pavese.<br \/>\nPer questo, pi\u00f9 che su eventi o iniziative particolari, don Lunati sembra orientato a cogliere il senso spirituale dell\u2019appuntamento: \u201c<em>Non saprei cosa aspettarmi oltre a quello che sta donando come Pontefice a tutta la cristianit\u00e0: tenacia nel bene e speranza in Dio<\/em>\u201d. Parole che suonano quasi come una sintesi del messaggio che il Papa porta con s\u00e9, al di l\u00e0 della durata della visita.<br \/>\nAnche sul piano pastorale, almeno per ora, non sono previsti momenti specifici di preparazione nella parrocchia del Borgo Ticino, ma proprio questa essenzialit\u00e0 sembra rimandare a un\u2019attesa pi\u00f9 interiore che organizzativa, fatta meno di eventi e pi\u00f9 di disponibilit\u00e0 ad accogliere un segno.<br \/>\nIn fondo, \u00e8 proprio qui che si gioca il valore di una visita come questa: non tanto nella quantit\u00e0 delle occasioni, quanto nella capacit\u00e0 di lasciarsi interpellare da una presenza che richiama tutti, credenti e non, a ci\u00f2 che conta davvero. La pace, anzitutto, e quella speranza in Dio che \u2013 come ricorda don Lunati \u2013 resta il cuore pi\u00f9 profondo del messaggio cristiano.<\/p>\n<p><em>Simona Rapparelli<\/em><\/p>\n<p>[<a href=\"https:\/\/www.diocesi.pavia.it\/ilpapaapavia\/wp-content\/uploads\/sites\/7\/2026\/04\/14-1.pdf\">il Ticino 24 aprile 2026<\/a>]<\/p>\n","protected":false},"excerpt":{"rendered":"<p>C\u2019\u00e8 una gioia sobria, quasi trattenuta, nelle parole di don Giulio Lunati, parroco del Borgo Ticino a Pavia, quando parla dell\u2019attesa per la visita di Papa Leone XIV in programma sabato 20 giugno. Una gioia che non ha bisogno di enfasi, ma che si radica in una stima profonda per il Pontefice e per il suo magistero. \u201cSono molto contento che il Papa venga a &hellip; <a href=\"https:\/\/www.diocesi.pavia.it\/ilpapaapavia\/2026\/04\/24\/don-giulio-lunati-la-visita-del-papa-segno-di-speranza-e-richiamo-alla-pace\/\" class=\"more-link\">Continue reading <span class=\"screen-reader-text\">Don Giulio Lunati: \u201cLa visita del Papa? Segno di speranza e richiamo alla pace\u201d<\/span> <span class=\"meta-nav\">&raquo;<\/span><\/a><\/p>\n","protected":false},"author":3,"featured_media":3516,"comment_status":"closed","ping_status":"closed","sticky":false,"template":"","format":"standard","meta":{"_acf_changed":false,"ip_address":"","user_agent":"","level":"","revision":"","cookie_id":"","page_referer":"","html_form":"","footnotes":""},"categories":[188],"tags":[],"class_list":["post-3515","post","type-post","status-publish","format-standard","has-post-thumbnail","hentry","category-ticino"],"acf":[],"yoast_head":"<!-- This site is optimized with the Yoast SEO plugin v27.4 - https:\/\/yoast.com\/product\/yoast-seo-wordpress\/ -->\n<title>Don Giulio Lunati: \u201cLa visita del Papa? Segno di speranza e richiamo alla pace\u201d - Papa Leone a Pavia<\/title>\n<meta name=\"robots\" content=\"index, follow, max-snippet:-1, max-image-preview:large, max-video-preview:-1\" \/>\n<link rel=\"canonical\" href=\"https:\/\/www.diocesi.pavia.it\/ilpapaapavia\/2026\/04\/24\/don-giulio-lunati-la-visita-del-papa-segno-di-speranza-e-richiamo-alla-pace\/\" \/>\n<meta property=\"og:locale\" content=\"it_IT\" \/>\n<meta property=\"og:type\" content=\"article\" \/>\n<meta property=\"og:title\" content=\"Don Giulio Lunati: \u201cLa visita del Papa? Segno di speranza e richiamo alla pace\u201d - Papa Leone a Pavia\" \/>\n<meta property=\"og:description\" content=\"C\u2019\u00e8 una gioia sobria, quasi trattenuta, nelle parole di don Giulio Lunati, parroco del Borgo Ticino a Pavia, quando parla dell\u2019attesa per la visita di Papa Leone XIV in programma sabato 20 giugno. Una gioia che non ha bisogno di enfasi, ma che si radica in una stima profonda per il Pontefice e per il suo magistero. \u201cSono molto contento che il Papa venga a &hellip; Continue reading Don Giulio Lunati: \u201cLa visita del Papa? Segno di speranza e richiamo alla pace\u201d &raquo;\" \/>\n<meta property=\"og:url\" content=\"https:\/\/www.diocesi.pavia.it\/ilpapaapavia\/2026\/04\/24\/don-giulio-lunati-la-visita-del-papa-segno-di-speranza-e-richiamo-alla-pace\/\" \/>\n<meta property=\"og:site_name\" content=\"Papa Leone a Pavia\" \/>\n<meta property=\"article:published_time\" content=\"2026-04-24T09:30:19+00:00\" \/>\n<meta property=\"og:image\" content=\"https:\/\/www.diocesi.pavia.it\/ilpapaapavia\/wp-content\/uploads\/sites\/7\/2026\/04\/Screenshot-2026-04-24-112254.png\" \/>\n\t<meta property=\"og:image:width\" content=\"258\" \/>\n\t<meta property=\"og:image:height\" content=\"289\" \/>\n\t<meta property=\"og:image:type\" content=\"image\/png\" \/>\n<meta name=\"author\" content=\"lorenzoventurini\" \/>\n<meta name=\"twitter:card\" content=\"summary_large_image\" \/>\n<meta name=\"twitter:label1\" content=\"Scritto da\" \/>\n\t<meta name=\"twitter:data1\" content=\"lorenzoventurini\" \/>\n\t<meta name=\"twitter:label2\" content=\"Tempo di lettura stimato\" \/>\n\t<meta name=\"twitter:data2\" content=\"3 minuti\" \/>\n<script type=\"application\/ld+json\" class=\"yoast-schema-graph\">{\"@context\":\"https:\\\/\\\/schema.org\",\"@graph\":[{\"@type\":\"Article\",\"@id\":\"https:\\\/\\\/www.diocesi.pavia.it\\\/ilpapaapavia\\\/2026\\\/04\\\/24\\\/don-giulio-lunati-la-visita-del-papa-segno-di-speranza-e-richiamo-alla-pace\\\/#article\",\"isPartOf\":{\"@id\":\"https:\\\/\\\/www.diocesi.pavia.it\\\/ilpapaapavia\\\/2026\\\/04\\\/24\\\/don-giulio-lunati-la-visita-del-papa-segno-di-speranza-e-richiamo-alla-pace\\\/\"},\"author\":{\"name\":\"lorenzoventurini\",\"@id\":\"https:\\\/\\\/www.diocesi.pavia.it\\\/ilpapaapavia\\\/#\\\/schema\\\/person\\\/0b3e08b619d1bb14527693762fdb0a33\"},\"headline\":\"Don Giulio Lunati: \u201cLa visita del Papa? Segno di speranza e richiamo alla pace\u201d\",\"datePublished\":\"2026-04-24T09:30:19+00:00\",\"mainEntityOfPage\":{\"@id\":\"https:\\\/\\\/www.diocesi.pavia.it\\\/ilpapaapavia\\\/2026\\\/04\\\/24\\\/don-giulio-lunati-la-visita-del-papa-segno-di-speranza-e-richiamo-alla-pace\\\/\"},\"wordCount\":513,\"publisher\":{\"@id\":\"https:\\\/\\\/www.diocesi.pavia.it\\\/ilpapaapavia\\\/#organization\"},\"image\":{\"@id\":\"https:\\\/\\\/www.diocesi.pavia.it\\\/ilpapaapavia\\\/2026\\\/04\\\/24\\\/don-giulio-lunati-la-visita-del-papa-segno-di-speranza-e-richiamo-alla-pace\\\/#primaryimage\"},\"thumbnailUrl\":\"https:\\\/\\\/www.diocesi.pavia.it\\\/ilpapaapavia\\\/wp-content\\\/uploads\\\/sites\\\/7\\\/2026\\\/04\\\/Screenshot-2026-04-24-112254.png\",\"articleSection\":[\"ticino\"],\"inLanguage\":\"it-IT\"},{\"@type\":\"WebPage\",\"@id\":\"https:\\\/\\\/www.diocesi.pavia.it\\\/ilpapaapavia\\\/2026\\\/04\\\/24\\\/don-giulio-lunati-la-visita-del-papa-segno-di-speranza-e-richiamo-alla-pace\\\/\",\"url\":\"https:\\\/\\\/www.diocesi.pavia.it\\\/ilpapaapavia\\\/2026\\\/04\\\/24\\\/don-giulio-lunati-la-visita-del-papa-segno-di-speranza-e-richiamo-alla-pace\\\/\",\"name\":\"Don Giulio Lunati: \u201cLa visita del Papa? Segno di speranza e richiamo alla pace\u201d - Papa Leone a Pavia\",\"isPartOf\":{\"@id\":\"https:\\\/\\\/www.diocesi.pavia.it\\\/ilpapaapavia\\\/#website\"},\"primaryImageOfPage\":{\"@id\":\"https:\\\/\\\/www.diocesi.pavia.it\\\/ilpapaapavia\\\/2026\\\/04\\\/24\\\/don-giulio-lunati-la-visita-del-papa-segno-di-speranza-e-richiamo-alla-pace\\\/#primaryimage\"},\"image\":{\"@id\":\"https:\\\/\\\/www.diocesi.pavia.it\\\/ilpapaapavia\\\/2026\\\/04\\\/24\\\/don-giulio-lunati-la-visita-del-papa-segno-di-speranza-e-richiamo-alla-pace\\\/#primaryimage\"},\"thumbnailUrl\":\"https:\\\/\\\/www.diocesi.pavia.it\\\/ilpapaapavia\\\/wp-content\\\/uploads\\\/sites\\\/7\\\/2026\\\/04\\\/Screenshot-2026-04-24-112254.png\",\"datePublished\":\"2026-04-24T09:30:19+00:00\",\"breadcrumb\":{\"@id\":\"https:\\\/\\\/www.diocesi.pavia.it\\\/ilpapaapavia\\\/2026\\\/04\\\/24\\\/don-giulio-lunati-la-visita-del-papa-segno-di-speranza-e-richiamo-alla-pace\\\/#breadcrumb\"},\"inLanguage\":\"it-IT\",\"potentialAction\":[{\"@type\":\"ReadAction\",\"target\":[\"https:\\\/\\\/www.diocesi.pavia.it\\\/ilpapaapavia\\\/2026\\\/04\\\/24\\\/don-giulio-lunati-la-visita-del-papa-segno-di-speranza-e-richiamo-alla-pace\\\/\"]}]},{\"@type\":\"ImageObject\",\"inLanguage\":\"it-IT\",\"@id\":\"https:\\\/\\\/www.diocesi.pavia.it\\\/ilpapaapavia\\\/2026\\\/04\\\/24\\\/don-giulio-lunati-la-visita-del-papa-segno-di-speranza-e-richiamo-alla-pace\\\/#primaryimage\",\"url\":\"https:\\\/\\\/www.diocesi.pavia.it\\\/ilpapaapavia\\\/wp-content\\\/uploads\\\/sites\\\/7\\\/2026\\\/04\\\/Screenshot-2026-04-24-112254.png\",\"contentUrl\":\"https:\\\/\\\/www.diocesi.pavia.it\\\/ilpapaapavia\\\/wp-content\\\/uploads\\\/sites\\\/7\\\/2026\\\/04\\\/Screenshot-2026-04-24-112254.png\",\"width\":258,\"height\":289},{\"@type\":\"BreadcrumbList\",\"@id\":\"https:\\\/\\\/www.diocesi.pavia.it\\\/ilpapaapavia\\\/2026\\\/04\\\/24\\\/don-giulio-lunati-la-visita-del-papa-segno-di-speranza-e-richiamo-alla-pace\\\/#breadcrumb\",\"itemListElement\":[{\"@type\":\"ListItem\",\"position\":1,\"name\":\"Home\",\"item\":\"https:\\\/\\\/www.diocesi.pavia.it\\\/ilpapaapavia\\\/\"},{\"@type\":\"ListItem\",\"position\":2,\"name\":\"Don Giulio Lunati: \u201cLa visita del Papa? Segno di speranza e richiamo alla pace\u201d\"}]},{\"@type\":\"WebSite\",\"@id\":\"https:\\\/\\\/www.diocesi.pavia.it\\\/ilpapaapavia\\\/#website\",\"url\":\"https:\\\/\\\/www.diocesi.pavia.it\\\/ilpapaapavia\\\/\",\"name\":\"Papa Leone a Pavia\",\"description\":\"Diocesi di Pavia\",\"publisher\":{\"@id\":\"https:\\\/\\\/www.diocesi.pavia.it\\\/ilpapaapavia\\\/#organization\"},\"potentialAction\":[{\"@type\":\"SearchAction\",\"target\":{\"@type\":\"EntryPoint\",\"urlTemplate\":\"https:\\\/\\\/www.diocesi.pavia.it\\\/ilpapaapavia\\\/?s={search_term_string}\"},\"query-input\":{\"@type\":\"PropertyValueSpecification\",\"valueRequired\":true,\"valueName\":\"search_term_string\"}}],\"inLanguage\":\"it-IT\"},{\"@type\":\"Organization\",\"@id\":\"https:\\\/\\\/www.diocesi.pavia.it\\\/ilpapaapavia\\\/#organization\",\"name\":\"Papa Leone a Pavia\",\"url\":\"https:\\\/\\\/www.diocesi.pavia.it\\\/ilpapaapavia\\\/\",\"logo\":{\"@type\":\"ImageObject\",\"inLanguage\":\"it-IT\",\"@id\":\"https:\\\/\\\/www.diocesi.pavia.it\\\/ilpapaapavia\\\/#\\\/schema\\\/logo\\\/image\\\/\",\"url\":\"https:\\\/\\\/www.diocesi.pavia.it\\\/ilpapaapavia\\\/wp-content\\\/uploads\\\/sites\\\/7\\\/2026\\\/03\\\/logo_diocesi_papa-1.png\",\"contentUrl\":\"https:\\\/\\\/www.diocesi.pavia.it\\\/ilpapaapavia\\\/wp-content\\\/uploads\\\/sites\\\/7\\\/2026\\\/03\\\/logo_diocesi_papa-1.png\",\"width\":216,\"height\":108,\"caption\":\"Papa Leone a Pavia\"},\"image\":{\"@id\":\"https:\\\/\\\/www.diocesi.pavia.it\\\/ilpapaapavia\\\/#\\\/schema\\\/logo\\\/image\\\/\"}}]}<\/script>\n<!-- \/ Yoast SEO plugin. -->","yoast_head_json":{"title":"Don Giulio Lunati: \u201cLa visita del Papa? Segno di speranza e richiamo alla pace\u201d - Papa Leone a Pavia","robots":{"index":"index","follow":"follow","max-snippet":"max-snippet:-1","max-image-preview":"max-image-preview:large","max-video-preview":"max-video-preview:-1"},"canonical":"https:\/\/www.diocesi.pavia.it\/ilpapaapavia\/2026\/04\/24\/don-giulio-lunati-la-visita-del-papa-segno-di-speranza-e-richiamo-alla-pace\/","og_locale":"it_IT","og_type":"article","og_title":"Don Giulio Lunati: \u201cLa visita del Papa? Segno di speranza e richiamo alla pace\u201d - Papa Leone a Pavia","og_description":"C\u2019\u00e8 una gioia sobria, quasi trattenuta, nelle parole di don Giulio Lunati, parroco del Borgo Ticino a Pavia, quando parla dell\u2019attesa per la visita di Papa Leone XIV in programma sabato 20 giugno. Una gioia che non ha bisogno di enfasi, ma che si radica in una stima profonda per il Pontefice e per il suo magistero. \u201cSono molto contento che il Papa venga a &hellip; Continue reading Don Giulio Lunati: \u201cLa visita del Papa? Segno di speranza e richiamo alla pace\u201d &raquo;","og_url":"https:\/\/www.diocesi.pavia.it\/ilpapaapavia\/2026\/04\/24\/don-giulio-lunati-la-visita-del-papa-segno-di-speranza-e-richiamo-alla-pace\/","og_site_name":"Papa Leone a Pavia","article_published_time":"2026-04-24T09:30:19+00:00","og_image":[{"width":258,"height":289,"url":"https:\/\/www.diocesi.pavia.it\/ilpapaapavia\/wp-content\/uploads\/sites\/7\/2026\/04\/Screenshot-2026-04-24-112254.png","type":"image\/png"}],"author":"lorenzoventurini","twitter_card":"summary_large_image","twitter_misc":{"Scritto da":"lorenzoventurini","Tempo di lettura stimato":"3 minuti"},"schema":{"@context":"https:\/\/schema.org","@graph":[{"@type":"Article","@id":"https:\/\/www.diocesi.pavia.it\/ilpapaapavia\/2026\/04\/24\/don-giulio-lunati-la-visita-del-papa-segno-di-speranza-e-richiamo-alla-pace\/#article","isPartOf":{"@id":"https:\/\/www.diocesi.pavia.it\/ilpapaapavia\/2026\/04\/24\/don-giulio-lunati-la-visita-del-papa-segno-di-speranza-e-richiamo-alla-pace\/"},"author":{"name":"lorenzoventurini","@id":"https:\/\/www.diocesi.pavia.it\/ilpapaapavia\/#\/schema\/person\/0b3e08b619d1bb14527693762fdb0a33"},"headline":"Don Giulio Lunati: \u201cLa visita del Papa? Segno di speranza e richiamo alla pace\u201d","datePublished":"2026-04-24T09:30:19+00:00","mainEntityOfPage":{"@id":"https:\/\/www.diocesi.pavia.it\/ilpapaapavia\/2026\/04\/24\/don-giulio-lunati-la-visita-del-papa-segno-di-speranza-e-richiamo-alla-pace\/"},"wordCount":513,"publisher":{"@id":"https:\/\/www.diocesi.pavia.it\/ilpapaapavia\/#organization"},"image":{"@id":"https:\/\/www.diocesi.pavia.it\/ilpapaapavia\/2026\/04\/24\/don-giulio-lunati-la-visita-del-papa-segno-di-speranza-e-richiamo-alla-pace\/#primaryimage"},"thumbnailUrl":"https:\/\/www.diocesi.pavia.it\/ilpapaapavia\/wp-content\/uploads\/sites\/7\/2026\/04\/Screenshot-2026-04-24-112254.png","articleSection":["ticino"],"inLanguage":"it-IT"},{"@type":"WebPage","@id":"https:\/\/www.diocesi.pavia.it\/ilpapaapavia\/2026\/04\/24\/don-giulio-lunati-la-visita-del-papa-segno-di-speranza-e-richiamo-alla-pace\/","url":"https:\/\/www.diocesi.pavia.it\/ilpapaapavia\/2026\/04\/24\/don-giulio-lunati-la-visita-del-papa-segno-di-speranza-e-richiamo-alla-pace\/","name":"Don Giulio Lunati: \u201cLa visita del Papa? Segno di speranza e richiamo alla pace\u201d - Papa Leone a Pavia","isPartOf":{"@id":"https:\/\/www.diocesi.pavia.it\/ilpapaapavia\/#website"},"primaryImageOfPage":{"@id":"https:\/\/www.diocesi.pavia.it\/ilpapaapavia\/2026\/04\/24\/don-giulio-lunati-la-visita-del-papa-segno-di-speranza-e-richiamo-alla-pace\/#primaryimage"},"image":{"@id":"https:\/\/www.diocesi.pavia.it\/ilpapaapavia\/2026\/04\/24\/don-giulio-lunati-la-visita-del-papa-segno-di-speranza-e-richiamo-alla-pace\/#primaryimage"},"thumbnailUrl":"https:\/\/www.diocesi.pavia.it\/ilpapaapavia\/wp-content\/uploads\/sites\/7\/2026\/04\/Screenshot-2026-04-24-112254.png","datePublished":"2026-04-24T09:30:19+00:00","breadcrumb":{"@id":"https:\/\/www.diocesi.pavia.it\/ilpapaapavia\/2026\/04\/24\/don-giulio-lunati-la-visita-del-papa-segno-di-speranza-e-richiamo-alla-pace\/#breadcrumb"},"inLanguage":"it-IT","potentialAction":[{"@type":"ReadAction","target":["https:\/\/www.diocesi.pavia.it\/ilpapaapavia\/2026\/04\/24\/don-giulio-lunati-la-visita-del-papa-segno-di-speranza-e-richiamo-alla-pace\/"]}]},{"@type":"ImageObject","inLanguage":"it-IT","@id":"https:\/\/www.diocesi.pavia.it\/ilpapaapavia\/2026\/04\/24\/don-giulio-lunati-la-visita-del-papa-segno-di-speranza-e-richiamo-alla-pace\/#primaryimage","url":"https:\/\/www.diocesi.pavia.it\/ilpapaapavia\/wp-content\/uploads\/sites\/7\/2026\/04\/Screenshot-2026-04-24-112254.png","contentUrl":"https:\/\/www.diocesi.pavia.it\/ilpapaapavia\/wp-content\/uploads\/sites\/7\/2026\/04\/Screenshot-2026-04-24-112254.png","width":258,"height":289},{"@type":"BreadcrumbList","@id":"https:\/\/www.diocesi.pavia.it\/ilpapaapavia\/2026\/04\/24\/don-giulio-lunati-la-visita-del-papa-segno-di-speranza-e-richiamo-alla-pace\/#breadcrumb","itemListElement":[{"@type":"ListItem","position":1,"name":"Home","item":"https:\/\/www.diocesi.pavia.it\/ilpapaapavia\/"},{"@type":"ListItem","position":2,"name":"Don Giulio Lunati: \u201cLa visita del Papa? Segno di speranza e richiamo alla pace\u201d"}]},{"@type":"WebSite","@id":"https:\/\/www.diocesi.pavia.it\/ilpapaapavia\/#website","url":"https:\/\/www.diocesi.pavia.it\/ilpapaapavia\/","name":"Papa Leone a Pavia","description":"Diocesi di Pavia","publisher":{"@id":"https:\/\/www.diocesi.pavia.it\/ilpapaapavia\/#organization"},"potentialAction":[{"@type":"SearchAction","target":{"@type":"EntryPoint","urlTemplate":"https:\/\/www.diocesi.pavia.it\/ilpapaapavia\/?s={search_term_string}"},"query-input":{"@type":"PropertyValueSpecification","valueRequired":true,"valueName":"search_term_string"}}],"inLanguage":"it-IT"},{"@type":"Organization","@id":"https:\/\/www.diocesi.pavia.it\/ilpapaapavia\/#organization","name":"Papa Leone a Pavia","url":"https:\/\/www.diocesi.pavia.it\/ilpapaapavia\/","logo":{"@type":"ImageObject","inLanguage":"it-IT","@id":"https:\/\/www.diocesi.pavia.it\/ilpapaapavia\/#\/schema\/logo\/image\/","url":"https:\/\/www.diocesi.pavia.it\/ilpapaapavia\/wp-content\/uploads\/sites\/7\/2026\/03\/logo_diocesi_papa-1.png","contentUrl":"https:\/\/www.diocesi.pavia.it\/ilpapaapavia\/wp-content\/uploads\/sites\/7\/2026\/03\/logo_diocesi_papa-1.png","width":216,"height":108,"caption":"Papa Leone a Pavia"},"image":{"@id":"https:\/\/www.diocesi.pavia.it\/ilpapaapavia\/#\/schema\/logo\/image\/"}}]}},"_links":{"self":[{"href":"https:\/\/www.diocesi.pavia.it\/ilpapaapavia\/wp-json\/wp\/v2\/posts\/3515","targetHints":{"allow":["GET"]}}],"collection":[{"href":"https:\/\/www.diocesi.pavia.it\/ilpapaapavia\/wp-json\/wp\/v2\/posts"}],"about":[{"href":"https:\/\/www.diocesi.pavia.it\/ilpapaapavia\/wp-json\/wp\/v2\/types\/post"}],"author":[{"embeddable":true,"href":"https:\/\/www.diocesi.pavia.it\/ilpapaapavia\/wp-json\/wp\/v2\/users\/3"}],"replies":[{"embeddable":true,"href":"https:\/\/www.diocesi.pavia.it\/ilpapaapavia\/wp-json\/wp\/v2\/comments?post=3515"}],"version-history":[{"count":1,"href":"https:\/\/www.diocesi.pavia.it\/ilpapaapavia\/wp-json\/wp\/v2\/posts\/3515\/revisions"}],"predecessor-version":[{"id":3517,"href":"https:\/\/www.diocesi.pavia.it\/ilpapaapavia\/wp-json\/wp\/v2\/posts\/3515\/revisions\/3517"}],"wp:featuredmedia":[{"embeddable":true,"href":"https:\/\/www.diocesi.pavia.it\/ilpapaapavia\/wp-json\/wp\/v2\/media\/3516"}],"wp:attachment":[{"href":"https:\/\/www.diocesi.pavia.it\/ilpapaapavia\/wp-json\/wp\/v2\/media?parent=3515"}],"wp:term":[{"taxonomy":"category","embeddable":true,"href":"https:\/\/www.diocesi.pavia.it\/ilpapaapavia\/wp-json\/wp\/v2\/categories?post=3515"},{"taxonomy":"post_tag","embeddable":true,"href":"https:\/\/www.diocesi.pavia.it\/ilpapaapavia\/wp-json\/wp\/v2\/tags?post=3515"}],"curies":[{"name":"wp","href":"https:\/\/api.w.org\/{rel}","templated":true}]}}