{"id":3510,"date":"2026-04-24T11:28:03","date_gmt":"2026-04-24T09:28:03","guid":{"rendered":"https:\/\/www.diocesi.pavia.it\/ilpapaapavia\/?p=3510"},"modified":"2026-04-24T11:28:03","modified_gmt":"2026-04-24T09:28:03","slug":"un-papa-che-si-fa-vicino-anche-nel-poco-tempo-lattesa-di-don-fattori-per-la-visita-del-pontefice","status":"publish","type":"post","link":"https:\/\/www.diocesi.pavia.it\/ilpapaapavia\/2026\/04\/24\/un-papa-che-si-fa-vicino-anche-nel-poco-tempo-lattesa-di-don-fattori-per-la-visita-del-pontefice\/","title":{"rendered":"\u201cUn Papa che si fa vicino, anche nel poco tempo\u201d: l\u2019attesa di don Fattori per la visita del Pontefice"},"content":{"rendered":"<p>C\u2019\u00e8 attesa anche nelle comunit\u00e0 di Landriano e Pairana per la visita del Papa a Pavia del prossimo sabato 20 giugno. A raccontarla \u00e8 don Antonio Fattori, parroco dei due centri, che offre uno sguardo insieme semplice e profondo sul significato di questo evento.<br \/>\n\u201c<em>Qualcuno ha osservato che, visto il tempo limitato, il Papa avrebbe potuto venire in forma privata \u2013 <\/em>spiega don Fattori <em>\u2013. In realt\u00e0 trovo molto bello che, pur avendo poche ore a disposizione, abbia scelto di incontrare le persone, anche solo per un breve saluto, e di toccare il mondo della sofferenza. \u00c8 un segno che trovo molto significativo<\/em>\u201d.<br \/>\nUn gesto che va oltre i ragionamenti in corso sul programma (che \u00e8 ancora in fase di definizione) e che diventa testimonianza: \u201c<em>Incontrando le persone \u00e8 come se dicesse: \u2018Anche voi siete importanti per me\u2019, persino in un tempo di visita che \u00e8 breve. Non \u00e8 solo un Papa che viene a pregare sulla tomba di un santo<\/em> (Sant\u2019Agostino, Leone XIV \u00e8, infatti, agostiniano, ndr.), <em>ma un pastore che vuole considerare la citt\u00e0, la gente, i fedeli. Questo dice a noi che lo aspettiamo che le persone fanno parte della sua vita<\/em>\u201d.<br \/>\nSecondo don Antonio, \u00e8 proprio questo stile a colpire: \u201c<em>Non si comporta come un funzionario o soltanto come un capo di Stato, ma come un Pastore. Il suo giungere nella nostra citt\u00e0 e salutare le persone dimostra che nessuno gli \u00e8 estraneo: ogni persona \u00e8 parte del suo cammino, anche da Papa<\/em>\u201d. La considerazione di don Antonio prende le mosse anche dal fatto che Robert Prevost non \u00e8 nuovo alle visite pavesi: quando era Priore Generale degli Agostiniani, era solito recarsi a Pavia proprio per poter pregare davanti alle spoglie di Sant\u2019Agostino nella basilica di San Pietro in Ciel d\u2019Oro e non era raro incontrarlo mentre passeggiava in quelle zone. Ma oggi, da Papa, molte cose sono, giocoforza, differenti: eppure, anche se la visita sar\u00e0 breve, il saluto alla gente di Pavia unir\u00e0 non solo idealmente il Pontefice alla citt\u00e0.<br \/>\nIntanto cresce l\u2019attesa tra i fedeli. \u201c<em>Da quando si \u00e8 diffusa la notizia della visita, diversi parrocchiani mi hanno espresso il desiderio di andare a Pavia, di avvicinarsi per poterlo vedere. Mi ha colpito molto questo entusiasmo sincero<\/em>\u201d. Una reazione che, ammette, non era scontata: \u201c<em>Papa Francesco \u2018bucava lo schermo\u2019 in modo immediato; Papa Leone forse meno. Eppure, il suo arrivo non \u00e8 passato inosservato: c\u2019\u00e8 curiosit\u00e0, c\u2019\u00e8 il desiderio di incontrarlo dal vivo. Non mi aspettavo una risposta cos\u00ec pronta<\/em>\u201d.<br \/>\nGuardando alla figura del nuovo Pontefice, don Fattori sottolinea alcuni tratti che ritiene particolarmente significativi: \u201c<em>Mi ha colpito, anche leggendo le recenti polemiche internazionali e gli attacchi giunti dal presidente Trump, come emerga chiaramente che il Papa non \u00e8 un potente. I suoi richiami a Cristo e al Concilio Vaticano II indicano un cammino: ci aiuta a riscoprire cosa significa essere Chiesa, essere segno<\/em>\u201d.<br \/>\nUn\u2019attenzione che parte dall\u2019interno della comunit\u00e0 ecclesiale: \u201c<em>\u00c8 giusto guardare al mondo, ma Leone XIV mi sembra un Papa molto attento anche all\u2019unit\u00e0 e alla comunione nella Chiesa, come segno credibile della fede. Questo lo considero molto positivo\u201d<\/em>.<br \/>\nInfine, uno sguardo di fede che accompagna questo tempo quantomai tribolato: \u201c<em>Se crediamo nello Spirito Santo, crediamo anche che sia Lui a guidare la Chiesa. Per questo \u00e8 importante seguire il Papa: perch\u00e9 \u00e8 la persona che, in questo momento, \u00e8 posta a servizio della comunione e della centralit\u00e0 di Cristo, secondo il volere di Dio<\/em>\u201d.<\/p>\n<p><em>Simona Rapparelli<\/em><\/p>\n<p>[<a href=\"https:\/\/www.diocesi.pavia.it\/ilpapaapavia\/wp-content\/uploads\/sites\/7\/2026\/04\/14-1.pdf\">il Ticino 24 aprile 2026<\/a>]<\/p>\n","protected":false},"excerpt":{"rendered":"<p>C\u2019\u00e8 attesa anche nelle comunit\u00e0 di Landriano e Pairana per la visita del Papa a Pavia del prossimo sabato 20 giugno. A raccontarla \u00e8 don Antonio Fattori, parroco dei due centri, che offre uno sguardo insieme semplice e profondo sul significato di questo evento. \u201cQualcuno ha osservato che, visto il tempo limitato, il Papa avrebbe potuto venire in forma privata \u2013 spiega don Fattori \u2013. &hellip; <a href=\"https:\/\/www.diocesi.pavia.it\/ilpapaapavia\/2026\/04\/24\/un-papa-che-si-fa-vicino-anche-nel-poco-tempo-lattesa-di-don-fattori-per-la-visita-del-pontefice\/\" class=\"more-link\">Continue reading <span class=\"screen-reader-text\">\u201cUn Papa che si fa vicino, anche nel poco tempo\u201d: l\u2019attesa di don Fattori per la visita del Pontefice<\/span> <span class=\"meta-nav\">&raquo;<\/span><\/a><\/p>\n","protected":false},"author":3,"featured_media":3512,"comment_status":"closed","ping_status":"closed","sticky":false,"template":"","format":"standard","meta":{"_acf_changed":false,"ip_address":"","user_agent":"","level":"","revision":"","cookie_id":"","page_referer":"","html_form":"","footnotes":""},"categories":[188],"tags":[],"class_list":["post-3510","post","type-post","status-publish","format-standard","has-post-thumbnail","hentry","category-ticino"],"acf":[],"yoast_head":"<!-- This site is optimized with the Yoast SEO plugin v27.4 - https:\/\/yoast.com\/product\/yoast-seo-wordpress\/ -->\n<title>\u201cUn Papa che si fa vicino, anche nel poco tempo\u201d: l\u2019attesa di don Fattori per la visita del Pontefice - Papa Leone a Pavia<\/title>\n<meta name=\"robots\" content=\"index, follow, max-snippet:-1, max-image-preview:large, max-video-preview:-1\" \/>\n<link rel=\"canonical\" href=\"https:\/\/www.diocesi.pavia.it\/ilpapaapavia\/2026\/04\/24\/un-papa-che-si-fa-vicino-anche-nel-poco-tempo-lattesa-di-don-fattori-per-la-visita-del-pontefice\/\" \/>\n<meta property=\"og:locale\" content=\"it_IT\" \/>\n<meta property=\"og:type\" content=\"article\" \/>\n<meta property=\"og:title\" content=\"\u201cUn Papa che si fa vicino, anche nel poco tempo\u201d: l\u2019attesa di don Fattori per la visita del Pontefice - Papa Leone a Pavia\" \/>\n<meta property=\"og:description\" content=\"C\u2019\u00e8 attesa anche nelle comunit\u00e0 di Landriano e Pairana per la visita del Papa a Pavia del prossimo sabato 20 giugno. A raccontarla \u00e8 don Antonio Fattori, parroco dei due centri, che offre uno sguardo insieme semplice e profondo sul significato di questo evento. \u201cQualcuno ha osservato che, visto il tempo limitato, il Papa avrebbe potuto venire in forma privata \u2013 spiega don Fattori \u2013. &hellip; Continue reading \u201cUn Papa che si fa vicino, anche nel poco tempo\u201d: l\u2019attesa di don Fattori per la visita del Pontefice &raquo;\" \/>\n<meta property=\"og:url\" content=\"https:\/\/www.diocesi.pavia.it\/ilpapaapavia\/2026\/04\/24\/un-papa-che-si-fa-vicino-anche-nel-poco-tempo-lattesa-di-don-fattori-per-la-visita-del-pontefice\/\" \/>\n<meta property=\"og:site_name\" content=\"Papa Leone a Pavia\" \/>\n<meta property=\"article:published_time\" content=\"2026-04-24T09:28:03+00:00\" \/>\n<meta property=\"og:image\" content=\"https:\/\/www.diocesi.pavia.it\/ilpapaapavia\/wp-content\/uploads\/sites\/7\/2026\/04\/Screenshot-2026-04-24-112246.png\" \/>\n\t<meta property=\"og:image:width\" content=\"261\" \/>\n\t<meta property=\"og:image:height\" content=\"342\" \/>\n\t<meta property=\"og:image:type\" content=\"image\/png\" \/>\n<meta name=\"author\" content=\"lorenzoventurini\" \/>\n<meta name=\"twitter:card\" content=\"summary_large_image\" \/>\n<meta name=\"twitter:label1\" content=\"Scritto da\" \/>\n\t<meta name=\"twitter:data1\" content=\"lorenzoventurini\" \/>\n\t<meta name=\"twitter:label2\" content=\"Tempo di lettura stimato\" \/>\n\t<meta name=\"twitter:data2\" content=\"4 minuti\" \/>\n<script type=\"application\/ld+json\" class=\"yoast-schema-graph\">{\"@context\":\"https:\\\/\\\/schema.org\",\"@graph\":[{\"@type\":\"Article\",\"@id\":\"https:\\\/\\\/www.diocesi.pavia.it\\\/ilpapaapavia\\\/2026\\\/04\\\/24\\\/un-papa-che-si-fa-vicino-anche-nel-poco-tempo-lattesa-di-don-fattori-per-la-visita-del-pontefice\\\/#article\",\"isPartOf\":{\"@id\":\"https:\\\/\\\/www.diocesi.pavia.it\\\/ilpapaapavia\\\/2026\\\/04\\\/24\\\/un-papa-che-si-fa-vicino-anche-nel-poco-tempo-lattesa-di-don-fattori-per-la-visita-del-pontefice\\\/\"},\"author\":{\"name\":\"lorenzoventurini\",\"@id\":\"https:\\\/\\\/www.diocesi.pavia.it\\\/ilpapaapavia\\\/#\\\/schema\\\/person\\\/0b3e08b619d1bb14527693762fdb0a33\"},\"headline\":\"\u201cUn Papa che si fa vicino, anche nel poco tempo\u201d: l\u2019attesa di don Fattori per la visita del Pontefice\",\"datePublished\":\"2026-04-24T09:28:03+00:00\",\"mainEntityOfPage\":{\"@id\":\"https:\\\/\\\/www.diocesi.pavia.it\\\/ilpapaapavia\\\/2026\\\/04\\\/24\\\/un-papa-che-si-fa-vicino-anche-nel-poco-tempo-lattesa-di-don-fattori-per-la-visita-del-pontefice\\\/\"},\"wordCount\":585,\"publisher\":{\"@id\":\"https:\\\/\\\/www.diocesi.pavia.it\\\/ilpapaapavia\\\/#organization\"},\"image\":{\"@id\":\"https:\\\/\\\/www.diocesi.pavia.it\\\/ilpapaapavia\\\/2026\\\/04\\\/24\\\/un-papa-che-si-fa-vicino-anche-nel-poco-tempo-lattesa-di-don-fattori-per-la-visita-del-pontefice\\\/#primaryimage\"},\"thumbnailUrl\":\"https:\\\/\\\/www.diocesi.pavia.it\\\/ilpapaapavia\\\/wp-content\\\/uploads\\\/sites\\\/7\\\/2026\\\/04\\\/Screenshot-2026-04-24-112246.png\",\"articleSection\":[\"ticino\"],\"inLanguage\":\"it-IT\"},{\"@type\":\"WebPage\",\"@id\":\"https:\\\/\\\/www.diocesi.pavia.it\\\/ilpapaapavia\\\/2026\\\/04\\\/24\\\/un-papa-che-si-fa-vicino-anche-nel-poco-tempo-lattesa-di-don-fattori-per-la-visita-del-pontefice\\\/\",\"url\":\"https:\\\/\\\/www.diocesi.pavia.it\\\/ilpapaapavia\\\/2026\\\/04\\\/24\\\/un-papa-che-si-fa-vicino-anche-nel-poco-tempo-lattesa-di-don-fattori-per-la-visita-del-pontefice\\\/\",\"name\":\"\u201cUn Papa che si fa vicino, anche nel poco tempo\u201d: l\u2019attesa di don Fattori per la visita del Pontefice - Papa Leone a Pavia\",\"isPartOf\":{\"@id\":\"https:\\\/\\\/www.diocesi.pavia.it\\\/ilpapaapavia\\\/#website\"},\"primaryImageOfPage\":{\"@id\":\"https:\\\/\\\/www.diocesi.pavia.it\\\/ilpapaapavia\\\/2026\\\/04\\\/24\\\/un-papa-che-si-fa-vicino-anche-nel-poco-tempo-lattesa-di-don-fattori-per-la-visita-del-pontefice\\\/#primaryimage\"},\"image\":{\"@id\":\"https:\\\/\\\/www.diocesi.pavia.it\\\/ilpapaapavia\\\/2026\\\/04\\\/24\\\/un-papa-che-si-fa-vicino-anche-nel-poco-tempo-lattesa-di-don-fattori-per-la-visita-del-pontefice\\\/#primaryimage\"},\"thumbnailUrl\":\"https:\\\/\\\/www.diocesi.pavia.it\\\/ilpapaapavia\\\/wp-content\\\/uploads\\\/sites\\\/7\\\/2026\\\/04\\\/Screenshot-2026-04-24-112246.png\",\"datePublished\":\"2026-04-24T09:28:03+00:00\",\"breadcrumb\":{\"@id\":\"https:\\\/\\\/www.diocesi.pavia.it\\\/ilpapaapavia\\\/2026\\\/04\\\/24\\\/un-papa-che-si-fa-vicino-anche-nel-poco-tempo-lattesa-di-don-fattori-per-la-visita-del-pontefice\\\/#breadcrumb\"},\"inLanguage\":\"it-IT\",\"potentialAction\":[{\"@type\":\"ReadAction\",\"target\":[\"https:\\\/\\\/www.diocesi.pavia.it\\\/ilpapaapavia\\\/2026\\\/04\\\/24\\\/un-papa-che-si-fa-vicino-anche-nel-poco-tempo-lattesa-di-don-fattori-per-la-visita-del-pontefice\\\/\"]}]},{\"@type\":\"ImageObject\",\"inLanguage\":\"it-IT\",\"@id\":\"https:\\\/\\\/www.diocesi.pavia.it\\\/ilpapaapavia\\\/2026\\\/04\\\/24\\\/un-papa-che-si-fa-vicino-anche-nel-poco-tempo-lattesa-di-don-fattori-per-la-visita-del-pontefice\\\/#primaryimage\",\"url\":\"https:\\\/\\\/www.diocesi.pavia.it\\\/ilpapaapavia\\\/wp-content\\\/uploads\\\/sites\\\/7\\\/2026\\\/04\\\/Screenshot-2026-04-24-112246.png\",\"contentUrl\":\"https:\\\/\\\/www.diocesi.pavia.it\\\/ilpapaapavia\\\/wp-content\\\/uploads\\\/sites\\\/7\\\/2026\\\/04\\\/Screenshot-2026-04-24-112246.png\",\"width\":261,\"height\":342},{\"@type\":\"BreadcrumbList\",\"@id\":\"https:\\\/\\\/www.diocesi.pavia.it\\\/ilpapaapavia\\\/2026\\\/04\\\/24\\\/un-papa-che-si-fa-vicino-anche-nel-poco-tempo-lattesa-di-don-fattori-per-la-visita-del-pontefice\\\/#breadcrumb\",\"itemListElement\":[{\"@type\":\"ListItem\",\"position\":1,\"name\":\"Home\",\"item\":\"https:\\\/\\\/www.diocesi.pavia.it\\\/ilpapaapavia\\\/\"},{\"@type\":\"ListItem\",\"position\":2,\"name\":\"\u201cUn Papa che si fa vicino, anche nel poco tempo\u201d: l\u2019attesa di don Fattori per la visita del Pontefice\"}]},{\"@type\":\"WebSite\",\"@id\":\"https:\\\/\\\/www.diocesi.pavia.it\\\/ilpapaapavia\\\/#website\",\"url\":\"https:\\\/\\\/www.diocesi.pavia.it\\\/ilpapaapavia\\\/\",\"name\":\"Papa Leone a Pavia\",\"description\":\"Diocesi di Pavia\",\"publisher\":{\"@id\":\"https:\\\/\\\/www.diocesi.pavia.it\\\/ilpapaapavia\\\/#organization\"},\"potentialAction\":[{\"@type\":\"SearchAction\",\"target\":{\"@type\":\"EntryPoint\",\"urlTemplate\":\"https:\\\/\\\/www.diocesi.pavia.it\\\/ilpapaapavia\\\/?s={search_term_string}\"},\"query-input\":{\"@type\":\"PropertyValueSpecification\",\"valueRequired\":true,\"valueName\":\"search_term_string\"}}],\"inLanguage\":\"it-IT\"},{\"@type\":\"Organization\",\"@id\":\"https:\\\/\\\/www.diocesi.pavia.it\\\/ilpapaapavia\\\/#organization\",\"name\":\"Papa Leone a Pavia\",\"url\":\"https:\\\/\\\/www.diocesi.pavia.it\\\/ilpapaapavia\\\/\",\"logo\":{\"@type\":\"ImageObject\",\"inLanguage\":\"it-IT\",\"@id\":\"https:\\\/\\\/www.diocesi.pavia.it\\\/ilpapaapavia\\\/#\\\/schema\\\/logo\\\/image\\\/\",\"url\":\"https:\\\/\\\/www.diocesi.pavia.it\\\/ilpapaapavia\\\/wp-content\\\/uploads\\\/sites\\\/7\\\/2026\\\/03\\\/logo_diocesi_papa-1.png\",\"contentUrl\":\"https:\\\/\\\/www.diocesi.pavia.it\\\/ilpapaapavia\\\/wp-content\\\/uploads\\\/sites\\\/7\\\/2026\\\/03\\\/logo_diocesi_papa-1.png\",\"width\":216,\"height\":108,\"caption\":\"Papa Leone a Pavia\"},\"image\":{\"@id\":\"https:\\\/\\\/www.diocesi.pavia.it\\\/ilpapaapavia\\\/#\\\/schema\\\/logo\\\/image\\\/\"}}]}<\/script>\n<!-- \/ Yoast SEO plugin. -->","yoast_head_json":{"title":"\u201cUn Papa che si fa vicino, anche nel poco tempo\u201d: l\u2019attesa di don Fattori per la visita del Pontefice - Papa Leone a Pavia","robots":{"index":"index","follow":"follow","max-snippet":"max-snippet:-1","max-image-preview":"max-image-preview:large","max-video-preview":"max-video-preview:-1"},"canonical":"https:\/\/www.diocesi.pavia.it\/ilpapaapavia\/2026\/04\/24\/un-papa-che-si-fa-vicino-anche-nel-poco-tempo-lattesa-di-don-fattori-per-la-visita-del-pontefice\/","og_locale":"it_IT","og_type":"article","og_title":"\u201cUn Papa che si fa vicino, anche nel poco tempo\u201d: l\u2019attesa di don Fattori per la visita del Pontefice - Papa Leone a Pavia","og_description":"C\u2019\u00e8 attesa anche nelle comunit\u00e0 di Landriano e Pairana per la visita del Papa a Pavia del prossimo sabato 20 giugno. A raccontarla \u00e8 don Antonio Fattori, parroco dei due centri, che offre uno sguardo insieme semplice e profondo sul significato di questo evento. \u201cQualcuno ha osservato che, visto il tempo limitato, il Papa avrebbe potuto venire in forma privata \u2013 spiega don Fattori \u2013. &hellip; Continue reading \u201cUn Papa che si fa vicino, anche nel poco tempo\u201d: l\u2019attesa di don Fattori per la visita del Pontefice &raquo;","og_url":"https:\/\/www.diocesi.pavia.it\/ilpapaapavia\/2026\/04\/24\/un-papa-che-si-fa-vicino-anche-nel-poco-tempo-lattesa-di-don-fattori-per-la-visita-del-pontefice\/","og_site_name":"Papa Leone a Pavia","article_published_time":"2026-04-24T09:28:03+00:00","og_image":[{"width":261,"height":342,"url":"https:\/\/www.diocesi.pavia.it\/ilpapaapavia\/wp-content\/uploads\/sites\/7\/2026\/04\/Screenshot-2026-04-24-112246.png","type":"image\/png"}],"author":"lorenzoventurini","twitter_card":"summary_large_image","twitter_misc":{"Scritto da":"lorenzoventurini","Tempo di lettura stimato":"4 minuti"},"schema":{"@context":"https:\/\/schema.org","@graph":[{"@type":"Article","@id":"https:\/\/www.diocesi.pavia.it\/ilpapaapavia\/2026\/04\/24\/un-papa-che-si-fa-vicino-anche-nel-poco-tempo-lattesa-di-don-fattori-per-la-visita-del-pontefice\/#article","isPartOf":{"@id":"https:\/\/www.diocesi.pavia.it\/ilpapaapavia\/2026\/04\/24\/un-papa-che-si-fa-vicino-anche-nel-poco-tempo-lattesa-di-don-fattori-per-la-visita-del-pontefice\/"},"author":{"name":"lorenzoventurini","@id":"https:\/\/www.diocesi.pavia.it\/ilpapaapavia\/#\/schema\/person\/0b3e08b619d1bb14527693762fdb0a33"},"headline":"\u201cUn Papa che si fa vicino, anche nel poco tempo\u201d: l\u2019attesa di don Fattori per la visita del Pontefice","datePublished":"2026-04-24T09:28:03+00:00","mainEntityOfPage":{"@id":"https:\/\/www.diocesi.pavia.it\/ilpapaapavia\/2026\/04\/24\/un-papa-che-si-fa-vicino-anche-nel-poco-tempo-lattesa-di-don-fattori-per-la-visita-del-pontefice\/"},"wordCount":585,"publisher":{"@id":"https:\/\/www.diocesi.pavia.it\/ilpapaapavia\/#organization"},"image":{"@id":"https:\/\/www.diocesi.pavia.it\/ilpapaapavia\/2026\/04\/24\/un-papa-che-si-fa-vicino-anche-nel-poco-tempo-lattesa-di-don-fattori-per-la-visita-del-pontefice\/#primaryimage"},"thumbnailUrl":"https:\/\/www.diocesi.pavia.it\/ilpapaapavia\/wp-content\/uploads\/sites\/7\/2026\/04\/Screenshot-2026-04-24-112246.png","articleSection":["ticino"],"inLanguage":"it-IT"},{"@type":"WebPage","@id":"https:\/\/www.diocesi.pavia.it\/ilpapaapavia\/2026\/04\/24\/un-papa-che-si-fa-vicino-anche-nel-poco-tempo-lattesa-di-don-fattori-per-la-visita-del-pontefice\/","url":"https:\/\/www.diocesi.pavia.it\/ilpapaapavia\/2026\/04\/24\/un-papa-che-si-fa-vicino-anche-nel-poco-tempo-lattesa-di-don-fattori-per-la-visita-del-pontefice\/","name":"\u201cUn Papa che si fa vicino, anche nel poco tempo\u201d: l\u2019attesa di don Fattori per la visita del Pontefice - Papa Leone a Pavia","isPartOf":{"@id":"https:\/\/www.diocesi.pavia.it\/ilpapaapavia\/#website"},"primaryImageOfPage":{"@id":"https:\/\/www.diocesi.pavia.it\/ilpapaapavia\/2026\/04\/24\/un-papa-che-si-fa-vicino-anche-nel-poco-tempo-lattesa-di-don-fattori-per-la-visita-del-pontefice\/#primaryimage"},"image":{"@id":"https:\/\/www.diocesi.pavia.it\/ilpapaapavia\/2026\/04\/24\/un-papa-che-si-fa-vicino-anche-nel-poco-tempo-lattesa-di-don-fattori-per-la-visita-del-pontefice\/#primaryimage"},"thumbnailUrl":"https:\/\/www.diocesi.pavia.it\/ilpapaapavia\/wp-content\/uploads\/sites\/7\/2026\/04\/Screenshot-2026-04-24-112246.png","datePublished":"2026-04-24T09:28:03+00:00","breadcrumb":{"@id":"https:\/\/www.diocesi.pavia.it\/ilpapaapavia\/2026\/04\/24\/un-papa-che-si-fa-vicino-anche-nel-poco-tempo-lattesa-di-don-fattori-per-la-visita-del-pontefice\/#breadcrumb"},"inLanguage":"it-IT","potentialAction":[{"@type":"ReadAction","target":["https:\/\/www.diocesi.pavia.it\/ilpapaapavia\/2026\/04\/24\/un-papa-che-si-fa-vicino-anche-nel-poco-tempo-lattesa-di-don-fattori-per-la-visita-del-pontefice\/"]}]},{"@type":"ImageObject","inLanguage":"it-IT","@id":"https:\/\/www.diocesi.pavia.it\/ilpapaapavia\/2026\/04\/24\/un-papa-che-si-fa-vicino-anche-nel-poco-tempo-lattesa-di-don-fattori-per-la-visita-del-pontefice\/#primaryimage","url":"https:\/\/www.diocesi.pavia.it\/ilpapaapavia\/wp-content\/uploads\/sites\/7\/2026\/04\/Screenshot-2026-04-24-112246.png","contentUrl":"https:\/\/www.diocesi.pavia.it\/ilpapaapavia\/wp-content\/uploads\/sites\/7\/2026\/04\/Screenshot-2026-04-24-112246.png","width":261,"height":342},{"@type":"BreadcrumbList","@id":"https:\/\/www.diocesi.pavia.it\/ilpapaapavia\/2026\/04\/24\/un-papa-che-si-fa-vicino-anche-nel-poco-tempo-lattesa-di-don-fattori-per-la-visita-del-pontefice\/#breadcrumb","itemListElement":[{"@type":"ListItem","position":1,"name":"Home","item":"https:\/\/www.diocesi.pavia.it\/ilpapaapavia\/"},{"@type":"ListItem","position":2,"name":"\u201cUn Papa che si fa vicino, anche nel poco tempo\u201d: l\u2019attesa di don Fattori per la visita del Pontefice"}]},{"@type":"WebSite","@id":"https:\/\/www.diocesi.pavia.it\/ilpapaapavia\/#website","url":"https:\/\/www.diocesi.pavia.it\/ilpapaapavia\/","name":"Papa Leone a Pavia","description":"Diocesi di Pavia","publisher":{"@id":"https:\/\/www.diocesi.pavia.it\/ilpapaapavia\/#organization"},"potentialAction":[{"@type":"SearchAction","target":{"@type":"EntryPoint","urlTemplate":"https:\/\/www.diocesi.pavia.it\/ilpapaapavia\/?s={search_term_string}"},"query-input":{"@type":"PropertyValueSpecification","valueRequired":true,"valueName":"search_term_string"}}],"inLanguage":"it-IT"},{"@type":"Organization","@id":"https:\/\/www.diocesi.pavia.it\/ilpapaapavia\/#organization","name":"Papa Leone a Pavia","url":"https:\/\/www.diocesi.pavia.it\/ilpapaapavia\/","logo":{"@type":"ImageObject","inLanguage":"it-IT","@id":"https:\/\/www.diocesi.pavia.it\/ilpapaapavia\/#\/schema\/logo\/image\/","url":"https:\/\/www.diocesi.pavia.it\/ilpapaapavia\/wp-content\/uploads\/sites\/7\/2026\/03\/logo_diocesi_papa-1.png","contentUrl":"https:\/\/www.diocesi.pavia.it\/ilpapaapavia\/wp-content\/uploads\/sites\/7\/2026\/03\/logo_diocesi_papa-1.png","width":216,"height":108,"caption":"Papa Leone a Pavia"},"image":{"@id":"https:\/\/www.diocesi.pavia.it\/ilpapaapavia\/#\/schema\/logo\/image\/"}}]}},"_links":{"self":[{"href":"https:\/\/www.diocesi.pavia.it\/ilpapaapavia\/wp-json\/wp\/v2\/posts\/3510","targetHints":{"allow":["GET"]}}],"collection":[{"href":"https:\/\/www.diocesi.pavia.it\/ilpapaapavia\/wp-json\/wp\/v2\/posts"}],"about":[{"href":"https:\/\/www.diocesi.pavia.it\/ilpapaapavia\/wp-json\/wp\/v2\/types\/post"}],"author":[{"embeddable":true,"href":"https:\/\/www.diocesi.pavia.it\/ilpapaapavia\/wp-json\/wp\/v2\/users\/3"}],"replies":[{"embeddable":true,"href":"https:\/\/www.diocesi.pavia.it\/ilpapaapavia\/wp-json\/wp\/v2\/comments?post=3510"}],"version-history":[{"count":2,"href":"https:\/\/www.diocesi.pavia.it\/ilpapaapavia\/wp-json\/wp\/v2\/posts\/3510\/revisions"}],"predecessor-version":[{"id":3514,"href":"https:\/\/www.diocesi.pavia.it\/ilpapaapavia\/wp-json\/wp\/v2\/posts\/3510\/revisions\/3514"}],"wp:featuredmedia":[{"embeddable":true,"href":"https:\/\/www.diocesi.pavia.it\/ilpapaapavia\/wp-json\/wp\/v2\/media\/3512"}],"wp:attachment":[{"href":"https:\/\/www.diocesi.pavia.it\/ilpapaapavia\/wp-json\/wp\/v2\/media?parent=3510"}],"wp:term":[{"taxonomy":"category","embeddable":true,"href":"https:\/\/www.diocesi.pavia.it\/ilpapaapavia\/wp-json\/wp\/v2\/categories?post=3510"},{"taxonomy":"post_tag","embeddable":true,"href":"https:\/\/www.diocesi.pavia.it\/ilpapaapavia\/wp-json\/wp\/v2\/tags?post=3510"}],"curies":[{"name":"wp","href":"https:\/\/api.w.org\/{rel}","templated":true}]}}