{"id":3507,"date":"2026-04-24T11:24:44","date_gmt":"2026-04-24T09:24:44","guid":{"rendered":"https:\/\/www.diocesi.pavia.it\/ilpapaapavia\/?p=3507"},"modified":"2026-04-24T11:24:44","modified_gmt":"2026-04-24T09:24:44","slug":"santegidio-la-visita-del-pontefice-e-apertura-al-mondo-e-segno-di-pace","status":"publish","type":"post","link":"https:\/\/www.diocesi.pavia.it\/ilpapaapavia\/2026\/04\/24\/santegidio-la-visita-del-pontefice-e-apertura-al-mondo-e-segno-di-pace\/","title":{"rendered":"Sant\u2019Egidio: \u201cLa visita del Pontefice \u00e8 apertura al mondo e segno di pace\u201d"},"content":{"rendered":"<p>La visita di Papa Leone XIV a Pavia viene letta come un passaggio che supera i confini dell\u2019evento locale e richiama la dimensione universale della Chiesa. A sottolinearlo \u00e8 Giorgio Musso (nella foto), responsabile della Comunit\u00e0 di Sant\u2019Egidio a Pavia, che invita a cogliere il significato pi\u00f9 profondo dell\u2019arrivo del Pontefice in citt\u00e0 il prossimo 20 giugno: \u201c<em>La presenza del Papa significa la presenza della Chiesa universale<\/em>\u201d. Per una realt\u00e0 come Pavia, di dimensioni contenute ma con una vocazione storica all\u2019apertura, questo evento assume un valore particolare. \u201c<em>Pavia \u00e8 una citt\u00e0 piccola, ma \u00e8 anche una citt\u00e0 che ha un\u2019apertura sul mondo<\/em>\u201d. Un tratto che si radica nella sua storia, nella presenza di Sant\u2019Agostino e, sul piano civile, nel ruolo della sua Universit\u00e0. \u201c<em>Fin nella parola stessa di Universit\u00e0 c\u2019\u00e8 questo seme di universalit\u00e0<\/em>\u201d. In questo senso, la visita del Papa diventa anche un invito a non cedere alla tentazione del ripiegamento: \u201c<em>Una citt\u00e0 di provincia pu\u00f2 essere tentata dal provincialismo, ma questa visita \u00e8 un incoraggiamento a rimanere aperti al mondo, alle sue sfide, alle sue domande<\/em>\u201d. Accanto a questo primo significato, Musso richiama con forza il tema della pace, centrale nel pontificato di Leone XIV: \u201c<em>Accogliere il Papa significa anche stringersi attorno a colui che oggi tiene alta la stella della pace in un mondo sempre pi\u00f9 conflittuale<\/em>\u201d. In un contesto segnato da tensioni e guerre, la sua presenza diventa un segno condiviso. \u201c<em>La pace non \u00e8 solo una domanda dei cristiani, \u00e8 una domanda di tutti<\/em>\u201d. Per questo, la visita assume anche il valore di un gesto pubblico di vicinanza. \u201c<em>Accogliere Papa Leone XIV significa mostrare affetto e solidariet\u00e0 nei suoi confronti, anche a fronte degli attacchi che ha ricevuto, ma soprattutto significa dire che le sue parole di pace trovano ascolto tra la gente<\/em>\u201d. Musso sottolinea come questo momento possa diventare un segno concreto per l\u2019intera citt\u00e0. \u201c<em>Stringersi attorno al Papa \u00e8 il modo pi\u00f9 semplice e pi\u00f9 forte per testimoniare una volont\u00e0 diffusa di pace<\/em>\u201d. Infine, emerge una lettura simbolica legata all\u2019identit\u00e0 stessa di Pavia: \u201c<em>In una citt\u00e0 rappresentata da un ponte arriva un pontefice, cio\u00e8 un costruttore di ponti<\/em>\u201d. Un\u2019immagine che diventa quasi una consegna. \u201c<em>Il Pontefice nella citt\u00e0 del ponte invita Pavia a riscoprire la sua vocazione: essere una citt\u00e0 che costruisce legami tra mondi diversi, tra generazioni, tra culture<\/em>\u201d, In questa prospettiva, la visita del Papa non \u00e8 soltanto un appuntamento per la comunit\u00e0 ecclesiale, ma un\u2019occasione pi\u00f9 ampia per la citt\u00e0. \u201c<em>\u00c8 una grande opportunit\u00e0 per non chiudersi, ma per restare aperti all\u2019universale<\/em>.\u201d<\/p>\n<p><em>Laura Rossi<\/em><\/p>\n<p>[<a href=\"https:\/\/www.diocesi.pavia.it\/ilpapaapavia\/wp-content\/uploads\/sites\/7\/2026\/04\/16-1.pdf\">il Ticino 24 aprile 2026<\/a>]<\/p>\n","protected":false},"excerpt":{"rendered":"<p>La visita di Papa Leone XIV a Pavia viene letta come un passaggio che supera i confini dell\u2019evento locale e richiama la dimensione universale della Chiesa. A sottolinearlo \u00e8 Giorgio Musso (nella foto), responsabile della Comunit\u00e0 di Sant\u2019Egidio a Pavia, che invita a cogliere il significato pi\u00f9 profondo dell\u2019arrivo del Pontefice in citt\u00e0 il prossimo 20 giugno: \u201cLa presenza del Papa significa la presenza della &hellip; <a href=\"https:\/\/www.diocesi.pavia.it\/ilpapaapavia\/2026\/04\/24\/santegidio-la-visita-del-pontefice-e-apertura-al-mondo-e-segno-di-pace\/\" class=\"more-link\">Continue reading <span class=\"screen-reader-text\">Sant\u2019Egidio: \u201cLa visita del Pontefice \u00e8 apertura al mondo e segno di pace\u201d<\/span> <span class=\"meta-nav\">&raquo;<\/span><\/a><\/p>\n","protected":false},"author":3,"featured_media":3508,"comment_status":"closed","ping_status":"closed","sticky":false,"template":"","format":"standard","meta":{"_acf_changed":false,"ip_address":"","user_agent":"","level":"","revision":"","cookie_id":"","page_referer":"","html_form":"","footnotes":""},"categories":[188],"tags":[],"class_list":["post-3507","post","type-post","status-publish","format-standard","has-post-thumbnail","hentry","category-ticino"],"acf":[],"yoast_head":"<!-- This site is optimized with the Yoast SEO plugin v27.4 - https:\/\/yoast.com\/product\/yoast-seo-wordpress\/ -->\n<title>Sant\u2019Egidio: \u201cLa visita del Pontefice \u00e8 apertura al mondo e segno di pace\u201d - Papa Leone a Pavia<\/title>\n<meta name=\"robots\" content=\"index, follow, max-snippet:-1, max-image-preview:large, max-video-preview:-1\" \/>\n<link rel=\"canonical\" href=\"https:\/\/www.diocesi.pavia.it\/ilpapaapavia\/2026\/04\/24\/santegidio-la-visita-del-pontefice-e-apertura-al-mondo-e-segno-di-pace\/\" \/>\n<meta property=\"og:locale\" content=\"it_IT\" \/>\n<meta property=\"og:type\" content=\"article\" \/>\n<meta property=\"og:title\" content=\"Sant\u2019Egidio: \u201cLa visita del Pontefice \u00e8 apertura al mondo e segno di pace\u201d - Papa Leone a Pavia\" \/>\n<meta property=\"og:description\" content=\"La visita di Papa Leone XIV a Pavia viene letta come un passaggio che supera i confini dell\u2019evento locale e richiama la dimensione universale della Chiesa. A sottolinearlo \u00e8 Giorgio Musso (nella foto), responsabile della Comunit\u00e0 di Sant\u2019Egidio a Pavia, che invita a cogliere il significato pi\u00f9 profondo dell\u2019arrivo del Pontefice in citt\u00e0 il prossimo 20 giugno: \u201cLa presenza del Papa significa la presenza della &hellip; Continue reading Sant\u2019Egidio: \u201cLa visita del Pontefice \u00e8 apertura al mondo e segno di pace\u201d &raquo;\" \/>\n<meta property=\"og:url\" content=\"https:\/\/www.diocesi.pavia.it\/ilpapaapavia\/2026\/04\/24\/santegidio-la-visita-del-pontefice-e-apertura-al-mondo-e-segno-di-pace\/\" \/>\n<meta property=\"og:site_name\" content=\"Papa Leone a Pavia\" \/>\n<meta property=\"article:published_time\" content=\"2026-04-24T09:24:44+00:00\" \/>\n<meta property=\"og:image\" content=\"https:\/\/www.diocesi.pavia.it\/ilpapaapavia\/wp-content\/uploads\/sites\/7\/2026\/04\/Screenshot-2026-04-24-112320.png\" \/>\n\t<meta property=\"og:image:width\" content=\"253\" \/>\n\t<meta property=\"og:image:height\" content=\"237\" \/>\n\t<meta property=\"og:image:type\" content=\"image\/png\" \/>\n<meta name=\"author\" content=\"lorenzoventurini\" \/>\n<meta name=\"twitter:card\" content=\"summary_large_image\" \/>\n<meta name=\"twitter:label1\" content=\"Scritto da\" \/>\n\t<meta name=\"twitter:data1\" content=\"lorenzoventurini\" \/>\n\t<meta name=\"twitter:label2\" content=\"Tempo di lettura stimato\" \/>\n\t<meta name=\"twitter:data2\" content=\"3 minuti\" \/>\n<script type=\"application\/ld+json\" class=\"yoast-schema-graph\">{\"@context\":\"https:\\\/\\\/schema.org\",\"@graph\":[{\"@type\":\"Article\",\"@id\":\"https:\\\/\\\/www.diocesi.pavia.it\\\/ilpapaapavia\\\/2026\\\/04\\\/24\\\/santegidio-la-visita-del-pontefice-e-apertura-al-mondo-e-segno-di-pace\\\/#article\",\"isPartOf\":{\"@id\":\"https:\\\/\\\/www.diocesi.pavia.it\\\/ilpapaapavia\\\/2026\\\/04\\\/24\\\/santegidio-la-visita-del-pontefice-e-apertura-al-mondo-e-segno-di-pace\\\/\"},\"author\":{\"name\":\"lorenzoventurini\",\"@id\":\"https:\\\/\\\/www.diocesi.pavia.it\\\/ilpapaapavia\\\/#\\\/schema\\\/person\\\/0b3e08b619d1bb14527693762fdb0a33\"},\"headline\":\"Sant\u2019Egidio: \u201cLa visita del Pontefice \u00e8 apertura al mondo e segno di pace\u201d\",\"datePublished\":\"2026-04-24T09:24:44+00:00\",\"mainEntityOfPage\":{\"@id\":\"https:\\\/\\\/www.diocesi.pavia.it\\\/ilpapaapavia\\\/2026\\\/04\\\/24\\\/santegidio-la-visita-del-pontefice-e-apertura-al-mondo-e-segno-di-pace\\\/\"},\"wordCount\":441,\"publisher\":{\"@id\":\"https:\\\/\\\/www.diocesi.pavia.it\\\/ilpapaapavia\\\/#organization\"},\"image\":{\"@id\":\"https:\\\/\\\/www.diocesi.pavia.it\\\/ilpapaapavia\\\/2026\\\/04\\\/24\\\/santegidio-la-visita-del-pontefice-e-apertura-al-mondo-e-segno-di-pace\\\/#primaryimage\"},\"thumbnailUrl\":\"https:\\\/\\\/www.diocesi.pavia.it\\\/ilpapaapavia\\\/wp-content\\\/uploads\\\/sites\\\/7\\\/2026\\\/04\\\/Screenshot-2026-04-24-112320.png\",\"articleSection\":[\"ticino\"],\"inLanguage\":\"it-IT\"},{\"@type\":\"WebPage\",\"@id\":\"https:\\\/\\\/www.diocesi.pavia.it\\\/ilpapaapavia\\\/2026\\\/04\\\/24\\\/santegidio-la-visita-del-pontefice-e-apertura-al-mondo-e-segno-di-pace\\\/\",\"url\":\"https:\\\/\\\/www.diocesi.pavia.it\\\/ilpapaapavia\\\/2026\\\/04\\\/24\\\/santegidio-la-visita-del-pontefice-e-apertura-al-mondo-e-segno-di-pace\\\/\",\"name\":\"Sant\u2019Egidio: \u201cLa visita del Pontefice \u00e8 apertura al mondo e segno di pace\u201d - Papa Leone a Pavia\",\"isPartOf\":{\"@id\":\"https:\\\/\\\/www.diocesi.pavia.it\\\/ilpapaapavia\\\/#website\"},\"primaryImageOfPage\":{\"@id\":\"https:\\\/\\\/www.diocesi.pavia.it\\\/ilpapaapavia\\\/2026\\\/04\\\/24\\\/santegidio-la-visita-del-pontefice-e-apertura-al-mondo-e-segno-di-pace\\\/#primaryimage\"},\"image\":{\"@id\":\"https:\\\/\\\/www.diocesi.pavia.it\\\/ilpapaapavia\\\/2026\\\/04\\\/24\\\/santegidio-la-visita-del-pontefice-e-apertura-al-mondo-e-segno-di-pace\\\/#primaryimage\"},\"thumbnailUrl\":\"https:\\\/\\\/www.diocesi.pavia.it\\\/ilpapaapavia\\\/wp-content\\\/uploads\\\/sites\\\/7\\\/2026\\\/04\\\/Screenshot-2026-04-24-112320.png\",\"datePublished\":\"2026-04-24T09:24:44+00:00\",\"breadcrumb\":{\"@id\":\"https:\\\/\\\/www.diocesi.pavia.it\\\/ilpapaapavia\\\/2026\\\/04\\\/24\\\/santegidio-la-visita-del-pontefice-e-apertura-al-mondo-e-segno-di-pace\\\/#breadcrumb\"},\"inLanguage\":\"it-IT\",\"potentialAction\":[{\"@type\":\"ReadAction\",\"target\":[\"https:\\\/\\\/www.diocesi.pavia.it\\\/ilpapaapavia\\\/2026\\\/04\\\/24\\\/santegidio-la-visita-del-pontefice-e-apertura-al-mondo-e-segno-di-pace\\\/\"]}]},{\"@type\":\"ImageObject\",\"inLanguage\":\"it-IT\",\"@id\":\"https:\\\/\\\/www.diocesi.pavia.it\\\/ilpapaapavia\\\/2026\\\/04\\\/24\\\/santegidio-la-visita-del-pontefice-e-apertura-al-mondo-e-segno-di-pace\\\/#primaryimage\",\"url\":\"https:\\\/\\\/www.diocesi.pavia.it\\\/ilpapaapavia\\\/wp-content\\\/uploads\\\/sites\\\/7\\\/2026\\\/04\\\/Screenshot-2026-04-24-112320.png\",\"contentUrl\":\"https:\\\/\\\/www.diocesi.pavia.it\\\/ilpapaapavia\\\/wp-content\\\/uploads\\\/sites\\\/7\\\/2026\\\/04\\\/Screenshot-2026-04-24-112320.png\",\"width\":253,\"height\":237},{\"@type\":\"BreadcrumbList\",\"@id\":\"https:\\\/\\\/www.diocesi.pavia.it\\\/ilpapaapavia\\\/2026\\\/04\\\/24\\\/santegidio-la-visita-del-pontefice-e-apertura-al-mondo-e-segno-di-pace\\\/#breadcrumb\",\"itemListElement\":[{\"@type\":\"ListItem\",\"position\":1,\"name\":\"Home\",\"item\":\"https:\\\/\\\/www.diocesi.pavia.it\\\/ilpapaapavia\\\/\"},{\"@type\":\"ListItem\",\"position\":2,\"name\":\"Sant\u2019Egidio: \u201cLa visita del Pontefice \u00e8 apertura al mondo e segno di pace\u201d\"}]},{\"@type\":\"WebSite\",\"@id\":\"https:\\\/\\\/www.diocesi.pavia.it\\\/ilpapaapavia\\\/#website\",\"url\":\"https:\\\/\\\/www.diocesi.pavia.it\\\/ilpapaapavia\\\/\",\"name\":\"Papa Leone a Pavia\",\"description\":\"Diocesi di Pavia\",\"publisher\":{\"@id\":\"https:\\\/\\\/www.diocesi.pavia.it\\\/ilpapaapavia\\\/#organization\"},\"potentialAction\":[{\"@type\":\"SearchAction\",\"target\":{\"@type\":\"EntryPoint\",\"urlTemplate\":\"https:\\\/\\\/www.diocesi.pavia.it\\\/ilpapaapavia\\\/?s={search_term_string}\"},\"query-input\":{\"@type\":\"PropertyValueSpecification\",\"valueRequired\":true,\"valueName\":\"search_term_string\"}}],\"inLanguage\":\"it-IT\"},{\"@type\":\"Organization\",\"@id\":\"https:\\\/\\\/www.diocesi.pavia.it\\\/ilpapaapavia\\\/#organization\",\"name\":\"Papa Leone a Pavia\",\"url\":\"https:\\\/\\\/www.diocesi.pavia.it\\\/ilpapaapavia\\\/\",\"logo\":{\"@type\":\"ImageObject\",\"inLanguage\":\"it-IT\",\"@id\":\"https:\\\/\\\/www.diocesi.pavia.it\\\/ilpapaapavia\\\/#\\\/schema\\\/logo\\\/image\\\/\",\"url\":\"https:\\\/\\\/www.diocesi.pavia.it\\\/ilpapaapavia\\\/wp-content\\\/uploads\\\/sites\\\/7\\\/2026\\\/03\\\/logo_diocesi_papa-1.png\",\"contentUrl\":\"https:\\\/\\\/www.diocesi.pavia.it\\\/ilpapaapavia\\\/wp-content\\\/uploads\\\/sites\\\/7\\\/2026\\\/03\\\/logo_diocesi_papa-1.png\",\"width\":216,\"height\":108,\"caption\":\"Papa Leone a Pavia\"},\"image\":{\"@id\":\"https:\\\/\\\/www.diocesi.pavia.it\\\/ilpapaapavia\\\/#\\\/schema\\\/logo\\\/image\\\/\"}}]}<\/script>\n<!-- \/ Yoast SEO plugin. -->","yoast_head_json":{"title":"Sant\u2019Egidio: \u201cLa visita del Pontefice \u00e8 apertura al mondo e segno di pace\u201d - Papa Leone a Pavia","robots":{"index":"index","follow":"follow","max-snippet":"max-snippet:-1","max-image-preview":"max-image-preview:large","max-video-preview":"max-video-preview:-1"},"canonical":"https:\/\/www.diocesi.pavia.it\/ilpapaapavia\/2026\/04\/24\/santegidio-la-visita-del-pontefice-e-apertura-al-mondo-e-segno-di-pace\/","og_locale":"it_IT","og_type":"article","og_title":"Sant\u2019Egidio: \u201cLa visita del Pontefice \u00e8 apertura al mondo e segno di pace\u201d - Papa Leone a Pavia","og_description":"La visita di Papa Leone XIV a Pavia viene letta come un passaggio che supera i confini dell\u2019evento locale e richiama la dimensione universale della Chiesa. A sottolinearlo \u00e8 Giorgio Musso (nella foto), responsabile della Comunit\u00e0 di Sant\u2019Egidio a Pavia, che invita a cogliere il significato pi\u00f9 profondo dell\u2019arrivo del Pontefice in citt\u00e0 il prossimo 20 giugno: \u201cLa presenza del Papa significa la presenza della &hellip; Continue reading Sant\u2019Egidio: \u201cLa visita del Pontefice \u00e8 apertura al mondo e segno di pace\u201d &raquo;","og_url":"https:\/\/www.diocesi.pavia.it\/ilpapaapavia\/2026\/04\/24\/santegidio-la-visita-del-pontefice-e-apertura-al-mondo-e-segno-di-pace\/","og_site_name":"Papa Leone a Pavia","article_published_time":"2026-04-24T09:24:44+00:00","og_image":[{"width":253,"height":237,"url":"https:\/\/www.diocesi.pavia.it\/ilpapaapavia\/wp-content\/uploads\/sites\/7\/2026\/04\/Screenshot-2026-04-24-112320.png","type":"image\/png"}],"author":"lorenzoventurini","twitter_card":"summary_large_image","twitter_misc":{"Scritto da":"lorenzoventurini","Tempo di lettura stimato":"3 minuti"},"schema":{"@context":"https:\/\/schema.org","@graph":[{"@type":"Article","@id":"https:\/\/www.diocesi.pavia.it\/ilpapaapavia\/2026\/04\/24\/santegidio-la-visita-del-pontefice-e-apertura-al-mondo-e-segno-di-pace\/#article","isPartOf":{"@id":"https:\/\/www.diocesi.pavia.it\/ilpapaapavia\/2026\/04\/24\/santegidio-la-visita-del-pontefice-e-apertura-al-mondo-e-segno-di-pace\/"},"author":{"name":"lorenzoventurini","@id":"https:\/\/www.diocesi.pavia.it\/ilpapaapavia\/#\/schema\/person\/0b3e08b619d1bb14527693762fdb0a33"},"headline":"Sant\u2019Egidio: \u201cLa visita del Pontefice \u00e8 apertura al mondo e segno di pace\u201d","datePublished":"2026-04-24T09:24:44+00:00","mainEntityOfPage":{"@id":"https:\/\/www.diocesi.pavia.it\/ilpapaapavia\/2026\/04\/24\/santegidio-la-visita-del-pontefice-e-apertura-al-mondo-e-segno-di-pace\/"},"wordCount":441,"publisher":{"@id":"https:\/\/www.diocesi.pavia.it\/ilpapaapavia\/#organization"},"image":{"@id":"https:\/\/www.diocesi.pavia.it\/ilpapaapavia\/2026\/04\/24\/santegidio-la-visita-del-pontefice-e-apertura-al-mondo-e-segno-di-pace\/#primaryimage"},"thumbnailUrl":"https:\/\/www.diocesi.pavia.it\/ilpapaapavia\/wp-content\/uploads\/sites\/7\/2026\/04\/Screenshot-2026-04-24-112320.png","articleSection":["ticino"],"inLanguage":"it-IT"},{"@type":"WebPage","@id":"https:\/\/www.diocesi.pavia.it\/ilpapaapavia\/2026\/04\/24\/santegidio-la-visita-del-pontefice-e-apertura-al-mondo-e-segno-di-pace\/","url":"https:\/\/www.diocesi.pavia.it\/ilpapaapavia\/2026\/04\/24\/santegidio-la-visita-del-pontefice-e-apertura-al-mondo-e-segno-di-pace\/","name":"Sant\u2019Egidio: \u201cLa visita del Pontefice \u00e8 apertura al mondo e segno di pace\u201d - Papa Leone a Pavia","isPartOf":{"@id":"https:\/\/www.diocesi.pavia.it\/ilpapaapavia\/#website"},"primaryImageOfPage":{"@id":"https:\/\/www.diocesi.pavia.it\/ilpapaapavia\/2026\/04\/24\/santegidio-la-visita-del-pontefice-e-apertura-al-mondo-e-segno-di-pace\/#primaryimage"},"image":{"@id":"https:\/\/www.diocesi.pavia.it\/ilpapaapavia\/2026\/04\/24\/santegidio-la-visita-del-pontefice-e-apertura-al-mondo-e-segno-di-pace\/#primaryimage"},"thumbnailUrl":"https:\/\/www.diocesi.pavia.it\/ilpapaapavia\/wp-content\/uploads\/sites\/7\/2026\/04\/Screenshot-2026-04-24-112320.png","datePublished":"2026-04-24T09:24:44+00:00","breadcrumb":{"@id":"https:\/\/www.diocesi.pavia.it\/ilpapaapavia\/2026\/04\/24\/santegidio-la-visita-del-pontefice-e-apertura-al-mondo-e-segno-di-pace\/#breadcrumb"},"inLanguage":"it-IT","potentialAction":[{"@type":"ReadAction","target":["https:\/\/www.diocesi.pavia.it\/ilpapaapavia\/2026\/04\/24\/santegidio-la-visita-del-pontefice-e-apertura-al-mondo-e-segno-di-pace\/"]}]},{"@type":"ImageObject","inLanguage":"it-IT","@id":"https:\/\/www.diocesi.pavia.it\/ilpapaapavia\/2026\/04\/24\/santegidio-la-visita-del-pontefice-e-apertura-al-mondo-e-segno-di-pace\/#primaryimage","url":"https:\/\/www.diocesi.pavia.it\/ilpapaapavia\/wp-content\/uploads\/sites\/7\/2026\/04\/Screenshot-2026-04-24-112320.png","contentUrl":"https:\/\/www.diocesi.pavia.it\/ilpapaapavia\/wp-content\/uploads\/sites\/7\/2026\/04\/Screenshot-2026-04-24-112320.png","width":253,"height":237},{"@type":"BreadcrumbList","@id":"https:\/\/www.diocesi.pavia.it\/ilpapaapavia\/2026\/04\/24\/santegidio-la-visita-del-pontefice-e-apertura-al-mondo-e-segno-di-pace\/#breadcrumb","itemListElement":[{"@type":"ListItem","position":1,"name":"Home","item":"https:\/\/www.diocesi.pavia.it\/ilpapaapavia\/"},{"@type":"ListItem","position":2,"name":"Sant\u2019Egidio: \u201cLa visita del Pontefice \u00e8 apertura al mondo e segno di pace\u201d"}]},{"@type":"WebSite","@id":"https:\/\/www.diocesi.pavia.it\/ilpapaapavia\/#website","url":"https:\/\/www.diocesi.pavia.it\/ilpapaapavia\/","name":"Papa Leone a Pavia","description":"Diocesi di Pavia","publisher":{"@id":"https:\/\/www.diocesi.pavia.it\/ilpapaapavia\/#organization"},"potentialAction":[{"@type":"SearchAction","target":{"@type":"EntryPoint","urlTemplate":"https:\/\/www.diocesi.pavia.it\/ilpapaapavia\/?s={search_term_string}"},"query-input":{"@type":"PropertyValueSpecification","valueRequired":true,"valueName":"search_term_string"}}],"inLanguage":"it-IT"},{"@type":"Organization","@id":"https:\/\/www.diocesi.pavia.it\/ilpapaapavia\/#organization","name":"Papa Leone a Pavia","url":"https:\/\/www.diocesi.pavia.it\/ilpapaapavia\/","logo":{"@type":"ImageObject","inLanguage":"it-IT","@id":"https:\/\/www.diocesi.pavia.it\/ilpapaapavia\/#\/schema\/logo\/image\/","url":"https:\/\/www.diocesi.pavia.it\/ilpapaapavia\/wp-content\/uploads\/sites\/7\/2026\/03\/logo_diocesi_papa-1.png","contentUrl":"https:\/\/www.diocesi.pavia.it\/ilpapaapavia\/wp-content\/uploads\/sites\/7\/2026\/03\/logo_diocesi_papa-1.png","width":216,"height":108,"caption":"Papa Leone a Pavia"},"image":{"@id":"https:\/\/www.diocesi.pavia.it\/ilpapaapavia\/#\/schema\/logo\/image\/"}}]}},"_links":{"self":[{"href":"https:\/\/www.diocesi.pavia.it\/ilpapaapavia\/wp-json\/wp\/v2\/posts\/3507","targetHints":{"allow":["GET"]}}],"collection":[{"href":"https:\/\/www.diocesi.pavia.it\/ilpapaapavia\/wp-json\/wp\/v2\/posts"}],"about":[{"href":"https:\/\/www.diocesi.pavia.it\/ilpapaapavia\/wp-json\/wp\/v2\/types\/post"}],"author":[{"embeddable":true,"href":"https:\/\/www.diocesi.pavia.it\/ilpapaapavia\/wp-json\/wp\/v2\/users\/3"}],"replies":[{"embeddable":true,"href":"https:\/\/www.diocesi.pavia.it\/ilpapaapavia\/wp-json\/wp\/v2\/comments?post=3507"}],"version-history":[{"count":1,"href":"https:\/\/www.diocesi.pavia.it\/ilpapaapavia\/wp-json\/wp\/v2\/posts\/3507\/revisions"}],"predecessor-version":[{"id":3509,"href":"https:\/\/www.diocesi.pavia.it\/ilpapaapavia\/wp-json\/wp\/v2\/posts\/3507\/revisions\/3509"}],"wp:featuredmedia":[{"embeddable":true,"href":"https:\/\/www.diocesi.pavia.it\/ilpapaapavia\/wp-json\/wp\/v2\/media\/3508"}],"wp:attachment":[{"href":"https:\/\/www.diocesi.pavia.it\/ilpapaapavia\/wp-json\/wp\/v2\/media?parent=3507"}],"wp:term":[{"taxonomy":"category","embeddable":true,"href":"https:\/\/www.diocesi.pavia.it\/ilpapaapavia\/wp-json\/wp\/v2\/categories?post=3507"},{"taxonomy":"post_tag","embeddable":true,"href":"https:\/\/www.diocesi.pavia.it\/ilpapaapavia\/wp-json\/wp\/v2\/tags?post=3507"}],"curies":[{"name":"wp","href":"https:\/\/api.w.org\/{rel}","templated":true}]}}