{"id":3502,"date":"2026-04-24T11:20:14","date_gmt":"2026-04-24T09:20:14","guid":{"rendered":"https:\/\/www.diocesi.pavia.it\/ilpapaapavia\/?p=3502"},"modified":"2026-04-24T11:21:20","modified_gmt":"2026-04-24T09:21:20","slug":"don-roberto-romani-la-visita-del-santo-padre-sara-un-movimento-del-cuore-non-del-rumore","status":"publish","type":"post","link":"https:\/\/www.diocesi.pavia.it\/ilpapaapavia\/2026\/04\/24\/don-roberto-romani-la-visita-del-santo-padre-sara-un-movimento-del-cuore-non-del-rumore\/","title":{"rendered":"Don Roberto Romani: \u201cLa visita del Santo Padre sar\u00e0 un movimento del cuore, non del rumore\u201d"},"content":{"rendered":"<p>L\u2019attesa per la visita di Papa Leone XIV, il prossimo 20 giugno a Pavia, \u00e8 carica di significato anche nelle comunit\u00e0 parrocchiali. Don Roberto Romani (nella foto) ne coglie il valore pi\u00f9 profondo, legandolo al senso stesso della vita cristiana. \u201c<em>La visita del Santo Padre \u00e8 una cosa stupenda!<\/em>\u201d afferma con immediatezza il sacerdote che guida le parrocchie di Sant\u2019Alessandro e Spirito Santo a Pavia, sottolineando come questo pellegrinaggio del Pontefice non debba essere solo un evento esterno, ma un richiamo interiore. \u201c<em>Nella semplicit\u00e0 di questo suo pellegrinare, il Papa ci aiuta a capire che la nostra vita cristiana \u00e8 un pellegrinaggio continuo.<\/em>\u201d Un cammino che non \u00e8 solo movimento, ma anche memoria. \u201c<em>\u00c8 un pellegrinaggio capace di memoria, perch\u00e9 ci invita a guardare la vita di chi ha gi\u00e0 detto il suo s\u00ec al Signore<\/em>\u201d. In questo senso, la figura di Sant\u2019Agostino diventa centrale. \u201c<em>Scoprendo Sant\u2019Agostino nella nostra vita, diventiamo uomini e donne capaci di memoria<\/em>\u201d.<br \/>\nPer don Romani, la visita del Papa non sar\u00e0 tanto un fatto esteriore, quanto un evento che tocca le persone nel profondo. \u201c<em>Sar\u00e0 un evento non tanto di movimento e di rumore esterno, quanto pi\u00f9 di movimento delle anime e del cuore<\/em>\u201d. Nelle comunit\u00e0 guidate da don Roberto, l\u2019aspettativa per l\u2019arrivo di Papa Leone XIV \u00e8 gi\u00e0 viva e concreta. \u201c<em>C\u2019\u00e8 grande attesa<\/em>\u201d, racconta don Romani, facendo riferimento alla realt\u00e0 pastorale che guida, tra le parrocchie di Sant\u2019Alessandro e dello Spirito Santo, e alle comunit\u00e0 legate alla Polizia di Stato e ai Vigili del Fuoco: \u201c<em>Uomini e donne che saranno coinvolti anche in prima persona per la sicurezza del viaggio del Santo Padre<\/em>\u201d. La preparazione \u00e8 gi\u00e0 iniziata e si muove su pi\u00f9 livelli. \u201c<em>Ci stiamo preparando con la preghiera che il Vescovo ci ha fatto avere<\/em>\u201d, spiega don Roberto. \u201c<em>\u00c8 una preghiera che la gente porta a casa e che, possibilmente, viene recitata ogni giorno<\/em>\u201d. Accanto alla dimensione spirituale, c\u2019\u00e8 anche un percorso di conoscenza e approfondimento. \u201c<em>Stiamo seguendo le indicazioni della Diocesi, sia dal punto di vista spirituale sia da quello pi\u00f9 concreto, cercando di conoscere meglio anche la figura di Sant\u2019Agostino<\/em>\u201d. Per don Romani, dunque, il significato della visita sta proprio qui: non tanto nella visibilit\u00e0 dell\u2019evento, quanto nella sua capacit\u00e0 di generare un cammino interiore. \u201c<em>Il Papa ci aiuta a riscoprire che la fede \u00e8 un cammino, un pellegrinaggio che continua nella nostra vita<\/em>\u201d.<\/p>\n<p><em>Laura Rossi<\/em><\/p>\n<p>[<a href=\"https:\/\/www.diocesi.pavia.it\/ilpapaapavia\/wp-content\/uploads\/sites\/7\/2026\/04\/16-1.pdf\">il Ticino 24 aprile 2026<\/a>]<\/p>\n","protected":false},"excerpt":{"rendered":"<p>L\u2019attesa per la visita di Papa Leone XIV, il prossimo 20 giugno a Pavia, \u00e8 carica di significato anche nelle comunit\u00e0 parrocchiali. Don Roberto Romani (nella foto) ne coglie il valore pi\u00f9 profondo, legandolo al senso stesso della vita cristiana. \u201cLa visita del Santo Padre \u00e8 una cosa stupenda!\u201d afferma con immediatezza il sacerdote che guida le parrocchie di Sant\u2019Alessandro e Spirito Santo a Pavia, &hellip; <a href=\"https:\/\/www.diocesi.pavia.it\/ilpapaapavia\/2026\/04\/24\/don-roberto-romani-la-visita-del-santo-padre-sara-un-movimento-del-cuore-non-del-rumore\/\" class=\"more-link\">Continue reading <span class=\"screen-reader-text\">Don Roberto Romani: \u201cLa visita del Santo Padre sar\u00e0 un movimento del cuore, non del rumore\u201d<\/span> <span class=\"meta-nav\">&raquo;<\/span><\/a><\/p>\n","protected":false},"author":3,"featured_media":3504,"comment_status":"closed","ping_status":"closed","sticky":false,"template":"","format":"standard","meta":{"_acf_changed":false,"ip_address":"","user_agent":"","level":"","revision":"","cookie_id":"","page_referer":"","html_form":"","footnotes":""},"categories":[188],"tags":[],"class_list":["post-3502","post","type-post","status-publish","format-standard","has-post-thumbnail","hentry","category-ticino"],"acf":[],"yoast_head":"<!-- This site is optimized with the Yoast SEO plugin v27.4 - https:\/\/yoast.com\/product\/yoast-seo-wordpress\/ -->\n<title>Don Roberto Romani: \u201cLa visita del Santo Padre sar\u00e0 un movimento del cuore, non del rumore\u201d - Papa Leone a Pavia<\/title>\n<meta name=\"robots\" content=\"index, follow, max-snippet:-1, max-image-preview:large, max-video-preview:-1\" \/>\n<link rel=\"canonical\" href=\"https:\/\/www.diocesi.pavia.it\/ilpapaapavia\/2026\/04\/24\/don-roberto-romani-la-visita-del-santo-padre-sara-un-movimento-del-cuore-non-del-rumore\/\" \/>\n<meta property=\"og:locale\" content=\"it_IT\" \/>\n<meta property=\"og:type\" content=\"article\" \/>\n<meta property=\"og:title\" content=\"Don Roberto Romani: \u201cLa visita del Santo Padre sar\u00e0 un movimento del cuore, non del rumore\u201d - Papa Leone a Pavia\" \/>\n<meta property=\"og:description\" content=\"L\u2019attesa per la visita di Papa Leone XIV, il prossimo 20 giugno a Pavia, \u00e8 carica di significato anche nelle comunit\u00e0 parrocchiali. Don Roberto Romani (nella foto) ne coglie il valore pi\u00f9 profondo, legandolo al senso stesso della vita cristiana. \u201cLa visita del Santo Padre \u00e8 una cosa stupenda!\u201d afferma con immediatezza il sacerdote che guida le parrocchie di Sant\u2019Alessandro e Spirito Santo a Pavia, &hellip; Continue reading Don Roberto Romani: \u201cLa visita del Santo Padre sar\u00e0 un movimento del cuore, non del rumore\u201d &raquo;\" \/>\n<meta property=\"og:url\" content=\"https:\/\/www.diocesi.pavia.it\/ilpapaapavia\/2026\/04\/24\/don-roberto-romani-la-visita-del-santo-padre-sara-un-movimento-del-cuore-non-del-rumore\/\" \/>\n<meta property=\"og:site_name\" content=\"Papa Leone a Pavia\" \/>\n<meta property=\"article:published_time\" content=\"2026-04-24T09:20:14+00:00\" \/>\n<meta property=\"article:modified_time\" content=\"2026-04-24T09:21:20+00:00\" \/>\n<meta property=\"og:image\" content=\"https:\/\/www.diocesi.pavia.it\/ilpapaapavia\/wp-content\/uploads\/sites\/7\/2026\/04\/Screenshot-2026-04-24-112312.png\" \/>\n\t<meta property=\"og:image:width\" content=\"258\" \/>\n\t<meta property=\"og:image:height\" content=\"277\" \/>\n\t<meta property=\"og:image:type\" content=\"image\/png\" \/>\n<meta name=\"author\" content=\"lorenzoventurini\" \/>\n<meta name=\"twitter:card\" content=\"summary_large_image\" \/>\n<meta name=\"twitter:label1\" content=\"Scritto da\" \/>\n\t<meta name=\"twitter:data1\" content=\"lorenzoventurini\" \/>\n\t<meta name=\"twitter:label2\" content=\"Tempo di lettura stimato\" \/>\n\t<meta name=\"twitter:data2\" content=\"3 minuti\" \/>\n<script type=\"application\/ld+json\" class=\"yoast-schema-graph\">{\"@context\":\"https:\\\/\\\/schema.org\",\"@graph\":[{\"@type\":\"Article\",\"@id\":\"https:\\\/\\\/www.diocesi.pavia.it\\\/ilpapaapavia\\\/2026\\\/04\\\/24\\\/don-roberto-romani-la-visita-del-santo-padre-sara-un-movimento-del-cuore-non-del-rumore\\\/#article\",\"isPartOf\":{\"@id\":\"https:\\\/\\\/www.diocesi.pavia.it\\\/ilpapaapavia\\\/2026\\\/04\\\/24\\\/don-roberto-romani-la-visita-del-santo-padre-sara-un-movimento-del-cuore-non-del-rumore\\\/\"},\"author\":{\"name\":\"lorenzoventurini\",\"@id\":\"https:\\\/\\\/www.diocesi.pavia.it\\\/ilpapaapavia\\\/#\\\/schema\\\/person\\\/0b3e08b619d1bb14527693762fdb0a33\"},\"headline\":\"Don Roberto Romani: \u201cLa visita del Santo Padre sar\u00e0 un movimento del cuore, non del rumore\u201d\",\"datePublished\":\"2026-04-24T09:20:14+00:00\",\"dateModified\":\"2026-04-24T09:21:20+00:00\",\"mainEntityOfPage\":{\"@id\":\"https:\\\/\\\/www.diocesi.pavia.it\\\/ilpapaapavia\\\/2026\\\/04\\\/24\\\/don-roberto-romani-la-visita-del-santo-padre-sara-un-movimento-del-cuore-non-del-rumore\\\/\"},\"wordCount\":415,\"publisher\":{\"@id\":\"https:\\\/\\\/www.diocesi.pavia.it\\\/ilpapaapavia\\\/#organization\"},\"image\":{\"@id\":\"https:\\\/\\\/www.diocesi.pavia.it\\\/ilpapaapavia\\\/2026\\\/04\\\/24\\\/don-roberto-romani-la-visita-del-santo-padre-sara-un-movimento-del-cuore-non-del-rumore\\\/#primaryimage\"},\"thumbnailUrl\":\"https:\\\/\\\/www.diocesi.pavia.it\\\/ilpapaapavia\\\/wp-content\\\/uploads\\\/sites\\\/7\\\/2026\\\/04\\\/Screenshot-2026-04-24-112312.png\",\"articleSection\":[\"ticino\"],\"inLanguage\":\"it-IT\"},{\"@type\":\"WebPage\",\"@id\":\"https:\\\/\\\/www.diocesi.pavia.it\\\/ilpapaapavia\\\/2026\\\/04\\\/24\\\/don-roberto-romani-la-visita-del-santo-padre-sara-un-movimento-del-cuore-non-del-rumore\\\/\",\"url\":\"https:\\\/\\\/www.diocesi.pavia.it\\\/ilpapaapavia\\\/2026\\\/04\\\/24\\\/don-roberto-romani-la-visita-del-santo-padre-sara-un-movimento-del-cuore-non-del-rumore\\\/\",\"name\":\"Don Roberto Romani: \u201cLa visita del Santo Padre sar\u00e0 un movimento del cuore, non del rumore\u201d - Papa Leone a Pavia\",\"isPartOf\":{\"@id\":\"https:\\\/\\\/www.diocesi.pavia.it\\\/ilpapaapavia\\\/#website\"},\"primaryImageOfPage\":{\"@id\":\"https:\\\/\\\/www.diocesi.pavia.it\\\/ilpapaapavia\\\/2026\\\/04\\\/24\\\/don-roberto-romani-la-visita-del-santo-padre-sara-un-movimento-del-cuore-non-del-rumore\\\/#primaryimage\"},\"image\":{\"@id\":\"https:\\\/\\\/www.diocesi.pavia.it\\\/ilpapaapavia\\\/2026\\\/04\\\/24\\\/don-roberto-romani-la-visita-del-santo-padre-sara-un-movimento-del-cuore-non-del-rumore\\\/#primaryimage\"},\"thumbnailUrl\":\"https:\\\/\\\/www.diocesi.pavia.it\\\/ilpapaapavia\\\/wp-content\\\/uploads\\\/sites\\\/7\\\/2026\\\/04\\\/Screenshot-2026-04-24-112312.png\",\"datePublished\":\"2026-04-24T09:20:14+00:00\",\"dateModified\":\"2026-04-24T09:21:20+00:00\",\"breadcrumb\":{\"@id\":\"https:\\\/\\\/www.diocesi.pavia.it\\\/ilpapaapavia\\\/2026\\\/04\\\/24\\\/don-roberto-romani-la-visita-del-santo-padre-sara-un-movimento-del-cuore-non-del-rumore\\\/#breadcrumb\"},\"inLanguage\":\"it-IT\",\"potentialAction\":[{\"@type\":\"ReadAction\",\"target\":[\"https:\\\/\\\/www.diocesi.pavia.it\\\/ilpapaapavia\\\/2026\\\/04\\\/24\\\/don-roberto-romani-la-visita-del-santo-padre-sara-un-movimento-del-cuore-non-del-rumore\\\/\"]}]},{\"@type\":\"ImageObject\",\"inLanguage\":\"it-IT\",\"@id\":\"https:\\\/\\\/www.diocesi.pavia.it\\\/ilpapaapavia\\\/2026\\\/04\\\/24\\\/don-roberto-romani-la-visita-del-santo-padre-sara-un-movimento-del-cuore-non-del-rumore\\\/#primaryimage\",\"url\":\"https:\\\/\\\/www.diocesi.pavia.it\\\/ilpapaapavia\\\/wp-content\\\/uploads\\\/sites\\\/7\\\/2026\\\/04\\\/Screenshot-2026-04-24-112312.png\",\"contentUrl\":\"https:\\\/\\\/www.diocesi.pavia.it\\\/ilpapaapavia\\\/wp-content\\\/uploads\\\/sites\\\/7\\\/2026\\\/04\\\/Screenshot-2026-04-24-112312.png\",\"width\":258,\"height\":277},{\"@type\":\"BreadcrumbList\",\"@id\":\"https:\\\/\\\/www.diocesi.pavia.it\\\/ilpapaapavia\\\/2026\\\/04\\\/24\\\/don-roberto-romani-la-visita-del-santo-padre-sara-un-movimento-del-cuore-non-del-rumore\\\/#breadcrumb\",\"itemListElement\":[{\"@type\":\"ListItem\",\"position\":1,\"name\":\"Home\",\"item\":\"https:\\\/\\\/www.diocesi.pavia.it\\\/ilpapaapavia\\\/\"},{\"@type\":\"ListItem\",\"position\":2,\"name\":\"Don Roberto Romani: \u201cLa visita del Santo Padre sar\u00e0 un movimento del cuore, non del rumore\u201d\"}]},{\"@type\":\"WebSite\",\"@id\":\"https:\\\/\\\/www.diocesi.pavia.it\\\/ilpapaapavia\\\/#website\",\"url\":\"https:\\\/\\\/www.diocesi.pavia.it\\\/ilpapaapavia\\\/\",\"name\":\"Papa Leone a Pavia\",\"description\":\"Diocesi di Pavia\",\"publisher\":{\"@id\":\"https:\\\/\\\/www.diocesi.pavia.it\\\/ilpapaapavia\\\/#organization\"},\"potentialAction\":[{\"@type\":\"SearchAction\",\"target\":{\"@type\":\"EntryPoint\",\"urlTemplate\":\"https:\\\/\\\/www.diocesi.pavia.it\\\/ilpapaapavia\\\/?s={search_term_string}\"},\"query-input\":{\"@type\":\"PropertyValueSpecification\",\"valueRequired\":true,\"valueName\":\"search_term_string\"}}],\"inLanguage\":\"it-IT\"},{\"@type\":\"Organization\",\"@id\":\"https:\\\/\\\/www.diocesi.pavia.it\\\/ilpapaapavia\\\/#organization\",\"name\":\"Papa Leone a Pavia\",\"url\":\"https:\\\/\\\/www.diocesi.pavia.it\\\/ilpapaapavia\\\/\",\"logo\":{\"@type\":\"ImageObject\",\"inLanguage\":\"it-IT\",\"@id\":\"https:\\\/\\\/www.diocesi.pavia.it\\\/ilpapaapavia\\\/#\\\/schema\\\/logo\\\/image\\\/\",\"url\":\"https:\\\/\\\/www.diocesi.pavia.it\\\/ilpapaapavia\\\/wp-content\\\/uploads\\\/sites\\\/7\\\/2026\\\/03\\\/logo_diocesi_papa-1.png\",\"contentUrl\":\"https:\\\/\\\/www.diocesi.pavia.it\\\/ilpapaapavia\\\/wp-content\\\/uploads\\\/sites\\\/7\\\/2026\\\/03\\\/logo_diocesi_papa-1.png\",\"width\":216,\"height\":108,\"caption\":\"Papa Leone a Pavia\"},\"image\":{\"@id\":\"https:\\\/\\\/www.diocesi.pavia.it\\\/ilpapaapavia\\\/#\\\/schema\\\/logo\\\/image\\\/\"}}]}<\/script>\n<!-- \/ Yoast SEO plugin. -->","yoast_head_json":{"title":"Don Roberto Romani: \u201cLa visita del Santo Padre sar\u00e0 un movimento del cuore, non del rumore\u201d - Papa Leone a Pavia","robots":{"index":"index","follow":"follow","max-snippet":"max-snippet:-1","max-image-preview":"max-image-preview:large","max-video-preview":"max-video-preview:-1"},"canonical":"https:\/\/www.diocesi.pavia.it\/ilpapaapavia\/2026\/04\/24\/don-roberto-romani-la-visita-del-santo-padre-sara-un-movimento-del-cuore-non-del-rumore\/","og_locale":"it_IT","og_type":"article","og_title":"Don Roberto Romani: \u201cLa visita del Santo Padre sar\u00e0 un movimento del cuore, non del rumore\u201d - Papa Leone a Pavia","og_description":"L\u2019attesa per la visita di Papa Leone XIV, il prossimo 20 giugno a Pavia, \u00e8 carica di significato anche nelle comunit\u00e0 parrocchiali. Don Roberto Romani (nella foto) ne coglie il valore pi\u00f9 profondo, legandolo al senso stesso della vita cristiana. \u201cLa visita del Santo Padre \u00e8 una cosa stupenda!\u201d afferma con immediatezza il sacerdote che guida le parrocchie di Sant\u2019Alessandro e Spirito Santo a Pavia, &hellip; Continue reading Don Roberto Romani: \u201cLa visita del Santo Padre sar\u00e0 un movimento del cuore, non del rumore\u201d &raquo;","og_url":"https:\/\/www.diocesi.pavia.it\/ilpapaapavia\/2026\/04\/24\/don-roberto-romani-la-visita-del-santo-padre-sara-un-movimento-del-cuore-non-del-rumore\/","og_site_name":"Papa Leone a Pavia","article_published_time":"2026-04-24T09:20:14+00:00","article_modified_time":"2026-04-24T09:21:20+00:00","og_image":[{"width":258,"height":277,"url":"https:\/\/www.diocesi.pavia.it\/ilpapaapavia\/wp-content\/uploads\/sites\/7\/2026\/04\/Screenshot-2026-04-24-112312.png","type":"image\/png"}],"author":"lorenzoventurini","twitter_card":"summary_large_image","twitter_misc":{"Scritto da":"lorenzoventurini","Tempo di lettura stimato":"3 minuti"},"schema":{"@context":"https:\/\/schema.org","@graph":[{"@type":"Article","@id":"https:\/\/www.diocesi.pavia.it\/ilpapaapavia\/2026\/04\/24\/don-roberto-romani-la-visita-del-santo-padre-sara-un-movimento-del-cuore-non-del-rumore\/#article","isPartOf":{"@id":"https:\/\/www.diocesi.pavia.it\/ilpapaapavia\/2026\/04\/24\/don-roberto-romani-la-visita-del-santo-padre-sara-un-movimento-del-cuore-non-del-rumore\/"},"author":{"name":"lorenzoventurini","@id":"https:\/\/www.diocesi.pavia.it\/ilpapaapavia\/#\/schema\/person\/0b3e08b619d1bb14527693762fdb0a33"},"headline":"Don Roberto Romani: \u201cLa visita del Santo Padre sar\u00e0 un movimento del cuore, non del rumore\u201d","datePublished":"2026-04-24T09:20:14+00:00","dateModified":"2026-04-24T09:21:20+00:00","mainEntityOfPage":{"@id":"https:\/\/www.diocesi.pavia.it\/ilpapaapavia\/2026\/04\/24\/don-roberto-romani-la-visita-del-santo-padre-sara-un-movimento-del-cuore-non-del-rumore\/"},"wordCount":415,"publisher":{"@id":"https:\/\/www.diocesi.pavia.it\/ilpapaapavia\/#organization"},"image":{"@id":"https:\/\/www.diocesi.pavia.it\/ilpapaapavia\/2026\/04\/24\/don-roberto-romani-la-visita-del-santo-padre-sara-un-movimento-del-cuore-non-del-rumore\/#primaryimage"},"thumbnailUrl":"https:\/\/www.diocesi.pavia.it\/ilpapaapavia\/wp-content\/uploads\/sites\/7\/2026\/04\/Screenshot-2026-04-24-112312.png","articleSection":["ticino"],"inLanguage":"it-IT"},{"@type":"WebPage","@id":"https:\/\/www.diocesi.pavia.it\/ilpapaapavia\/2026\/04\/24\/don-roberto-romani-la-visita-del-santo-padre-sara-un-movimento-del-cuore-non-del-rumore\/","url":"https:\/\/www.diocesi.pavia.it\/ilpapaapavia\/2026\/04\/24\/don-roberto-romani-la-visita-del-santo-padre-sara-un-movimento-del-cuore-non-del-rumore\/","name":"Don Roberto Romani: \u201cLa visita del Santo Padre sar\u00e0 un movimento del cuore, non del rumore\u201d - Papa Leone a Pavia","isPartOf":{"@id":"https:\/\/www.diocesi.pavia.it\/ilpapaapavia\/#website"},"primaryImageOfPage":{"@id":"https:\/\/www.diocesi.pavia.it\/ilpapaapavia\/2026\/04\/24\/don-roberto-romani-la-visita-del-santo-padre-sara-un-movimento-del-cuore-non-del-rumore\/#primaryimage"},"image":{"@id":"https:\/\/www.diocesi.pavia.it\/ilpapaapavia\/2026\/04\/24\/don-roberto-romani-la-visita-del-santo-padre-sara-un-movimento-del-cuore-non-del-rumore\/#primaryimage"},"thumbnailUrl":"https:\/\/www.diocesi.pavia.it\/ilpapaapavia\/wp-content\/uploads\/sites\/7\/2026\/04\/Screenshot-2026-04-24-112312.png","datePublished":"2026-04-24T09:20:14+00:00","dateModified":"2026-04-24T09:21:20+00:00","breadcrumb":{"@id":"https:\/\/www.diocesi.pavia.it\/ilpapaapavia\/2026\/04\/24\/don-roberto-romani-la-visita-del-santo-padre-sara-un-movimento-del-cuore-non-del-rumore\/#breadcrumb"},"inLanguage":"it-IT","potentialAction":[{"@type":"ReadAction","target":["https:\/\/www.diocesi.pavia.it\/ilpapaapavia\/2026\/04\/24\/don-roberto-romani-la-visita-del-santo-padre-sara-un-movimento-del-cuore-non-del-rumore\/"]}]},{"@type":"ImageObject","inLanguage":"it-IT","@id":"https:\/\/www.diocesi.pavia.it\/ilpapaapavia\/2026\/04\/24\/don-roberto-romani-la-visita-del-santo-padre-sara-un-movimento-del-cuore-non-del-rumore\/#primaryimage","url":"https:\/\/www.diocesi.pavia.it\/ilpapaapavia\/wp-content\/uploads\/sites\/7\/2026\/04\/Screenshot-2026-04-24-112312.png","contentUrl":"https:\/\/www.diocesi.pavia.it\/ilpapaapavia\/wp-content\/uploads\/sites\/7\/2026\/04\/Screenshot-2026-04-24-112312.png","width":258,"height":277},{"@type":"BreadcrumbList","@id":"https:\/\/www.diocesi.pavia.it\/ilpapaapavia\/2026\/04\/24\/don-roberto-romani-la-visita-del-santo-padre-sara-un-movimento-del-cuore-non-del-rumore\/#breadcrumb","itemListElement":[{"@type":"ListItem","position":1,"name":"Home","item":"https:\/\/www.diocesi.pavia.it\/ilpapaapavia\/"},{"@type":"ListItem","position":2,"name":"Don Roberto Romani: \u201cLa visita del Santo Padre sar\u00e0 un movimento del cuore, non del rumore\u201d"}]},{"@type":"WebSite","@id":"https:\/\/www.diocesi.pavia.it\/ilpapaapavia\/#website","url":"https:\/\/www.diocesi.pavia.it\/ilpapaapavia\/","name":"Papa Leone a Pavia","description":"Diocesi di Pavia","publisher":{"@id":"https:\/\/www.diocesi.pavia.it\/ilpapaapavia\/#organization"},"potentialAction":[{"@type":"SearchAction","target":{"@type":"EntryPoint","urlTemplate":"https:\/\/www.diocesi.pavia.it\/ilpapaapavia\/?s={search_term_string}"},"query-input":{"@type":"PropertyValueSpecification","valueRequired":true,"valueName":"search_term_string"}}],"inLanguage":"it-IT"},{"@type":"Organization","@id":"https:\/\/www.diocesi.pavia.it\/ilpapaapavia\/#organization","name":"Papa Leone a Pavia","url":"https:\/\/www.diocesi.pavia.it\/ilpapaapavia\/","logo":{"@type":"ImageObject","inLanguage":"it-IT","@id":"https:\/\/www.diocesi.pavia.it\/ilpapaapavia\/#\/schema\/logo\/image\/","url":"https:\/\/www.diocesi.pavia.it\/ilpapaapavia\/wp-content\/uploads\/sites\/7\/2026\/03\/logo_diocesi_papa-1.png","contentUrl":"https:\/\/www.diocesi.pavia.it\/ilpapaapavia\/wp-content\/uploads\/sites\/7\/2026\/03\/logo_diocesi_papa-1.png","width":216,"height":108,"caption":"Papa Leone a Pavia"},"image":{"@id":"https:\/\/www.diocesi.pavia.it\/ilpapaapavia\/#\/schema\/logo\/image\/"}}]}},"_links":{"self":[{"href":"https:\/\/www.diocesi.pavia.it\/ilpapaapavia\/wp-json\/wp\/v2\/posts\/3502","targetHints":{"allow":["GET"]}}],"collection":[{"href":"https:\/\/www.diocesi.pavia.it\/ilpapaapavia\/wp-json\/wp\/v2\/posts"}],"about":[{"href":"https:\/\/www.diocesi.pavia.it\/ilpapaapavia\/wp-json\/wp\/v2\/types\/post"}],"author":[{"embeddable":true,"href":"https:\/\/www.diocesi.pavia.it\/ilpapaapavia\/wp-json\/wp\/v2\/users\/3"}],"replies":[{"embeddable":true,"href":"https:\/\/www.diocesi.pavia.it\/ilpapaapavia\/wp-json\/wp\/v2\/comments?post=3502"}],"version-history":[{"count":2,"href":"https:\/\/www.diocesi.pavia.it\/ilpapaapavia\/wp-json\/wp\/v2\/posts\/3502\/revisions"}],"predecessor-version":[{"id":3506,"href":"https:\/\/www.diocesi.pavia.it\/ilpapaapavia\/wp-json\/wp\/v2\/posts\/3502\/revisions\/3506"}],"wp:featuredmedia":[{"embeddable":true,"href":"https:\/\/www.diocesi.pavia.it\/ilpapaapavia\/wp-json\/wp\/v2\/media\/3504"}],"wp:attachment":[{"href":"https:\/\/www.diocesi.pavia.it\/ilpapaapavia\/wp-json\/wp\/v2\/media?parent=3502"}],"wp:term":[{"taxonomy":"category","embeddable":true,"href":"https:\/\/www.diocesi.pavia.it\/ilpapaapavia\/wp-json\/wp\/v2\/categories?post=3502"},{"taxonomy":"post_tag","embeddable":true,"href":"https:\/\/www.diocesi.pavia.it\/ilpapaapavia\/wp-json\/wp\/v2\/tags?post=3502"}],"curies":[{"name":"wp","href":"https:\/\/api.w.org\/{rel}","templated":true}]}}