{"id":3479,"date":"2026-04-17T16:04:09","date_gmt":"2026-04-17T14:04:09","guid":{"rendered":"https:\/\/www.diocesi.pavia.it\/ilpapaapavia\/?p=3479"},"modified":"2026-04-17T16:10:58","modified_gmt":"2026-04-17T14:10:58","slug":"due-incontri-alluniversita-e-al-ghislieri-in-attesa-della-visita-del-santo-padre","status":"publish","type":"post","link":"https:\/\/www.diocesi.pavia.it\/ilpapaapavia\/2026\/04\/17\/due-incontri-alluniversita-e-al-ghislieri-in-attesa-della-visita-del-santo-padre\/","title":{"rendered":"Due incontri all\u2019Universit\u00e0 e al Ghislieri in attesa della visita del Santo Padre"},"content":{"rendered":"<p>Continua il cammino che La Diocesi di Pavia ha avviato verso la visita di Papa Leone XIV, in programma sabato 20 giugno. In attesa della diffusione del programma, proseguono le iniziative, anche quelle aperte a tutta la cittadinanza.<\/p>\n<p>In particolare, in calendario ci sono due date che meritano di essere evidenziate: gioved\u00ec 23 aprile e marted\u00ec 12 maggio.<\/p>\n<p>Il primo incontro si svolger\u00e0 nella serata del 23 aprile, alle ore 21, nell\u2019Aula Magna dell\u2019Universit\u00e0 di Pavia, si intitoler\u00e0 \u201cAgostino e il tumulto del cuore\u201d e vi prenderanno parte la filosofa Roberta de Monticelli con il biblista Roberto Rossella.<\/p>\n<p>Il secondo incontro \u00e8 previsto per marted\u00ec 12 maggio, sempre alle ore 21, nell\u2019Aula Magna del Collegio Ghislieri con l\u2019incontro dal titolo \u201cLeone XIV: testimone mite di pace e unit\u00e0\u201d: un tema particolarmente sentito, soprattutto in questi ultimi giorni, che verr\u00e0 affrontato dal vaticanista Ignazio Ingrao e dall\u2019agostiniano Giuseppe Pagano.<\/p>\n<p>\u201c<em>In vista della prossima visita di Papa Leone XIV alla nostra Diocesi, sentiamo il desiderio di prepararci insieme, come comunit\u00e0, accogliendo questo evento come un dono di grazia che il Signore ci offre<\/em> \u2013 ha detto don Davide Rustioni, Vicario Episcopale per la Pastorale ed uno dei coordinatori del Comitato istituito per l\u2019organizzazione della visita di Papa Leone a Pavia -. <em>La presenza del Santo Padre in mezzo a noi non \u00e8 soltanto un momento di gioia e di festa, ma anche un\u2019occasione preziosa per rinnovare la nostra fede, rafforzare i legami di comunione e riscoprire la bellezza del nostro cammino ecclesiale. Per vivere pi\u00f9 consapevolmente questo tempo, vengono proposti due incontri che vogliono accompagnarci nella preparazione spirituale e culturale. Essi ci aiuteranno, anzitutto, ad avvicinarci alla figura di sant\u2019Agostino, pastore e maestro della Chiesa, di cui la nostra citt\u00e0 custodisce con gratitudine le spoglie mortali: una presenza che continua a parlare al nostro cuore e a illuminare il nostro cammino. Allo stesso tempo, saremo introdotti al magistero di Papa Leone XIV, che fin dall\u2019inizio del suo pontificato ha richiamato con forza il valore dell\u2019unit\u00e0 e il dono della pace, indicando a tutta la Chiesa una strada di fraternit\u00e0, dialogo e riconciliazione. Questi incontri vogliono essere un semplice ma significativo aiuto per disporre il nostro cuore ad accogliere il Santo Padre, perch\u00e9 la sua visita possa portare frutti abbondanti nella vita di ciascuno e della nostra comunit\u00e0<\/em>\u201d.<\/p>\n<p><strong>Il conto corrente per sostenere la visita del Papa<\/strong><br \/>\nSempre in vista della visita papale, sono stati attivati anche strumenti concreti per sostenere l\u2019organizzazione dell\u2019evento. Nelle scorse settimane \u00e8 stata avviata l\u2019apertura di un conto corrente dedicato alla raccolta di offerte, pensato per consentire a fedeli, enti e realt\u00e0 del territorio di contribuire direttamente alla preparazione dell\u2019accoglienza del Pontefice.<br \/>\nA seguire da vicino questo percorso \u00e8 l\u2019Ufficio dell\u2019Economato diocesano, guidato da don Gabriele Romanoni.<br \/>\nPer chi desidera contribuire, \u00e8 possibile effettuare un versamento indicando come causale \u201cVisita di Leone XIV\u201d al seguente IBAN: IT 07 I 05034 11301 000000012193 .<br \/>\nUn piccolo segno di partecipazione che si inserisce nel cammino di preparazione a un appuntamento atteso e significativo per la Chiesa pavese e per l\u2019intero territorio.<\/p>\n<p><em>Simona Rapparelli<\/em><\/p>\n<p>[<a href=\"https:\/\/www.diocesi.pavia.it\/ilpapaapavia\/wp-content\/uploads\/sites\/7\/2026\/04\/incontri_preparazione_Papa.pdf\">manifesto degli incontri<\/a>]<\/p>\n","protected":false},"excerpt":{"rendered":"<p>Continua il cammino che La Diocesi di Pavia ha avviato verso la visita di Papa Leone XIV, in programma sabato 20 giugno. In attesa della diffusione del programma, proseguono le iniziative, anche quelle aperte a tutta la cittadinanza. In particolare, in calendario ci sono due date che meritano di essere evidenziate: gioved\u00ec 23 aprile e marted\u00ec 12 maggio. Il primo incontro si svolger\u00e0 nella serata &hellip; <a href=\"https:\/\/www.diocesi.pavia.it\/ilpapaapavia\/2026\/04\/17\/due-incontri-alluniversita-e-al-ghislieri-in-attesa-della-visita-del-santo-padre\/\" class=\"more-link\">Continue reading <span class=\"screen-reader-text\">Due incontri all\u2019Universit\u00e0 e al Ghislieri in attesa della visita del Santo Padre<\/span> <span class=\"meta-nav\">&raquo;<\/span><\/a><\/p>\n","protected":false},"author":3,"featured_media":3481,"comment_status":"closed","ping_status":"closed","sticky":false,"template":"","format":"standard","meta":{"_acf_changed":false,"ip_address":"","user_agent":"","level":"","revision":"","cookie_id":"","page_referer":"","html_form":"","footnotes":""},"categories":[1],"tags":[],"class_list":["post-3479","post","type-post","status-publish","format-standard","has-post-thumbnail","hentry","category-news"],"acf":[],"yoast_head":"<!-- This site is optimized with the Yoast SEO plugin v27.4 - https:\/\/yoast.com\/product\/yoast-seo-wordpress\/ -->\n<title>Due incontri all\u2019Universit\u00e0 e al Ghislieri in attesa della visita del Santo Padre - Papa Leone a Pavia<\/title>\n<meta name=\"robots\" content=\"index, follow, max-snippet:-1, max-image-preview:large, max-video-preview:-1\" \/>\n<link rel=\"canonical\" href=\"https:\/\/www.diocesi.pavia.it\/ilpapaapavia\/2026\/04\/17\/due-incontri-alluniversita-e-al-ghislieri-in-attesa-della-visita-del-santo-padre\/\" \/>\n<meta property=\"og:locale\" content=\"it_IT\" \/>\n<meta property=\"og:type\" content=\"article\" \/>\n<meta property=\"og:title\" content=\"Due incontri all\u2019Universit\u00e0 e al Ghislieri in attesa della visita del Santo Padre - Papa Leone a Pavia\" \/>\n<meta property=\"og:description\" content=\"Continua il cammino che La Diocesi di Pavia ha avviato verso la visita di Papa Leone XIV, in programma sabato 20 giugno. In attesa della diffusione del programma, proseguono le iniziative, anche quelle aperte a tutta la cittadinanza. In particolare, in calendario ci sono due date che meritano di essere evidenziate: gioved\u00ec 23 aprile e marted\u00ec 12 maggio. Il primo incontro si svolger\u00e0 nella serata &hellip; Continue reading Due incontri all\u2019Universit\u00e0 e al Ghislieri in attesa della visita del Santo Padre &raquo;\" \/>\n<meta property=\"og:url\" content=\"https:\/\/www.diocesi.pavia.it\/ilpapaapavia\/2026\/04\/17\/due-incontri-alluniversita-e-al-ghislieri-in-attesa-della-visita-del-santo-padre\/\" \/>\n<meta property=\"og:site_name\" content=\"Papa Leone a Pavia\" \/>\n<meta property=\"article:published_time\" content=\"2026-04-17T14:04:09+00:00\" \/>\n<meta property=\"article:modified_time\" content=\"2026-04-17T14:10:58+00:00\" \/>\n<meta property=\"og:image\" content=\"https:\/\/www.diocesi.pavia.it\/ilpapaapavia\/wp-content\/uploads\/sites\/7\/2026\/04\/incontri_preparazione_Papa-scaled.jpg\" \/>\n\t<meta property=\"og:image:width\" content=\"1810\" \/>\n\t<meta property=\"og:image:height\" content=\"2560\" \/>\n\t<meta property=\"og:image:type\" content=\"image\/jpeg\" \/>\n<meta name=\"author\" content=\"lorenzoventurini\" \/>\n<meta name=\"twitter:card\" content=\"summary_large_image\" \/>\n<meta name=\"twitter:label1\" content=\"Scritto da\" \/>\n\t<meta name=\"twitter:data1\" content=\"lorenzoventurini\" \/>\n\t<meta name=\"twitter:label2\" content=\"Tempo di lettura stimato\" \/>\n\t<meta name=\"twitter:data2\" content=\"3 minuti\" \/>\n<script type=\"application\/ld+json\" class=\"yoast-schema-graph\">{\"@context\":\"https:\\\/\\\/schema.org\",\"@graph\":[{\"@type\":\"Article\",\"@id\":\"https:\\\/\\\/www.diocesi.pavia.it\\\/ilpapaapavia\\\/2026\\\/04\\\/17\\\/due-incontri-alluniversita-e-al-ghislieri-in-attesa-della-visita-del-santo-padre\\\/#article\",\"isPartOf\":{\"@id\":\"https:\\\/\\\/www.diocesi.pavia.it\\\/ilpapaapavia\\\/2026\\\/04\\\/17\\\/due-incontri-alluniversita-e-al-ghislieri-in-attesa-della-visita-del-santo-padre\\\/\"},\"author\":{\"name\":\"lorenzoventurini\",\"@id\":\"https:\\\/\\\/www.diocesi.pavia.it\\\/ilpapaapavia\\\/#\\\/schema\\\/person\\\/0b3e08b619d1bb14527693762fdb0a33\"},\"headline\":\"Due incontri all\u2019Universit\u00e0 e al Ghislieri in attesa della visita del Santo Padre\",\"datePublished\":\"2026-04-17T14:04:09+00:00\",\"dateModified\":\"2026-04-17T14:10:58+00:00\",\"mainEntityOfPage\":{\"@id\":\"https:\\\/\\\/www.diocesi.pavia.it\\\/ilpapaapavia\\\/2026\\\/04\\\/17\\\/due-incontri-alluniversita-e-al-ghislieri-in-attesa-della-visita-del-santo-padre\\\/\"},\"wordCount\":529,\"publisher\":{\"@id\":\"https:\\\/\\\/www.diocesi.pavia.it\\\/ilpapaapavia\\\/#organization\"},\"image\":{\"@id\":\"https:\\\/\\\/www.diocesi.pavia.it\\\/ilpapaapavia\\\/2026\\\/04\\\/17\\\/due-incontri-alluniversita-e-al-ghislieri-in-attesa-della-visita-del-santo-padre\\\/#primaryimage\"},\"thumbnailUrl\":\"https:\\\/\\\/www.diocesi.pavia.it\\\/ilpapaapavia\\\/wp-content\\\/uploads\\\/sites\\\/7\\\/2026\\\/04\\\/incontri_preparazione_Papa-scaled.jpg\",\"articleSection\":[\"News\"],\"inLanguage\":\"it-IT\"},{\"@type\":\"WebPage\",\"@id\":\"https:\\\/\\\/www.diocesi.pavia.it\\\/ilpapaapavia\\\/2026\\\/04\\\/17\\\/due-incontri-alluniversita-e-al-ghislieri-in-attesa-della-visita-del-santo-padre\\\/\",\"url\":\"https:\\\/\\\/www.diocesi.pavia.it\\\/ilpapaapavia\\\/2026\\\/04\\\/17\\\/due-incontri-alluniversita-e-al-ghislieri-in-attesa-della-visita-del-santo-padre\\\/\",\"name\":\"Due incontri all\u2019Universit\u00e0 e al Ghislieri in attesa della visita del Santo Padre - Papa Leone a Pavia\",\"isPartOf\":{\"@id\":\"https:\\\/\\\/www.diocesi.pavia.it\\\/ilpapaapavia\\\/#website\"},\"primaryImageOfPage\":{\"@id\":\"https:\\\/\\\/www.diocesi.pavia.it\\\/ilpapaapavia\\\/2026\\\/04\\\/17\\\/due-incontri-alluniversita-e-al-ghislieri-in-attesa-della-visita-del-santo-padre\\\/#primaryimage\"},\"image\":{\"@id\":\"https:\\\/\\\/www.diocesi.pavia.it\\\/ilpapaapavia\\\/2026\\\/04\\\/17\\\/due-incontri-alluniversita-e-al-ghislieri-in-attesa-della-visita-del-santo-padre\\\/#primaryimage\"},\"thumbnailUrl\":\"https:\\\/\\\/www.diocesi.pavia.it\\\/ilpapaapavia\\\/wp-content\\\/uploads\\\/sites\\\/7\\\/2026\\\/04\\\/incontri_preparazione_Papa-scaled.jpg\",\"datePublished\":\"2026-04-17T14:04:09+00:00\",\"dateModified\":\"2026-04-17T14:10:58+00:00\",\"breadcrumb\":{\"@id\":\"https:\\\/\\\/www.diocesi.pavia.it\\\/ilpapaapavia\\\/2026\\\/04\\\/17\\\/due-incontri-alluniversita-e-al-ghislieri-in-attesa-della-visita-del-santo-padre\\\/#breadcrumb\"},\"inLanguage\":\"it-IT\",\"potentialAction\":[{\"@type\":\"ReadAction\",\"target\":[\"https:\\\/\\\/www.diocesi.pavia.it\\\/ilpapaapavia\\\/2026\\\/04\\\/17\\\/due-incontri-alluniversita-e-al-ghislieri-in-attesa-della-visita-del-santo-padre\\\/\"]}]},{\"@type\":\"ImageObject\",\"inLanguage\":\"it-IT\",\"@id\":\"https:\\\/\\\/www.diocesi.pavia.it\\\/ilpapaapavia\\\/2026\\\/04\\\/17\\\/due-incontri-alluniversita-e-al-ghislieri-in-attesa-della-visita-del-santo-padre\\\/#primaryimage\",\"url\":\"https:\\\/\\\/www.diocesi.pavia.it\\\/ilpapaapavia\\\/wp-content\\\/uploads\\\/sites\\\/7\\\/2026\\\/04\\\/incontri_preparazione_Papa-scaled.jpg\",\"contentUrl\":\"https:\\\/\\\/www.diocesi.pavia.it\\\/ilpapaapavia\\\/wp-content\\\/uploads\\\/sites\\\/7\\\/2026\\\/04\\\/incontri_preparazione_Papa-scaled.jpg\",\"width\":1810,\"height\":2560},{\"@type\":\"BreadcrumbList\",\"@id\":\"https:\\\/\\\/www.diocesi.pavia.it\\\/ilpapaapavia\\\/2026\\\/04\\\/17\\\/due-incontri-alluniversita-e-al-ghislieri-in-attesa-della-visita-del-santo-padre\\\/#breadcrumb\",\"itemListElement\":[{\"@type\":\"ListItem\",\"position\":1,\"name\":\"Home\",\"item\":\"https:\\\/\\\/www.diocesi.pavia.it\\\/ilpapaapavia\\\/\"},{\"@type\":\"ListItem\",\"position\":2,\"name\":\"Due incontri all\u2019Universit\u00e0 e al Ghislieri in attesa della visita del Santo Padre\"}]},{\"@type\":\"WebSite\",\"@id\":\"https:\\\/\\\/www.diocesi.pavia.it\\\/ilpapaapavia\\\/#website\",\"url\":\"https:\\\/\\\/www.diocesi.pavia.it\\\/ilpapaapavia\\\/\",\"name\":\"Papa Leone a Pavia\",\"description\":\"Diocesi di Pavia\",\"publisher\":{\"@id\":\"https:\\\/\\\/www.diocesi.pavia.it\\\/ilpapaapavia\\\/#organization\"},\"potentialAction\":[{\"@type\":\"SearchAction\",\"target\":{\"@type\":\"EntryPoint\",\"urlTemplate\":\"https:\\\/\\\/www.diocesi.pavia.it\\\/ilpapaapavia\\\/?s={search_term_string}\"},\"query-input\":{\"@type\":\"PropertyValueSpecification\",\"valueRequired\":true,\"valueName\":\"search_term_string\"}}],\"inLanguage\":\"it-IT\"},{\"@type\":\"Organization\",\"@id\":\"https:\\\/\\\/www.diocesi.pavia.it\\\/ilpapaapavia\\\/#organization\",\"name\":\"Papa Leone a Pavia\",\"url\":\"https:\\\/\\\/www.diocesi.pavia.it\\\/ilpapaapavia\\\/\",\"logo\":{\"@type\":\"ImageObject\",\"inLanguage\":\"it-IT\",\"@id\":\"https:\\\/\\\/www.diocesi.pavia.it\\\/ilpapaapavia\\\/#\\\/schema\\\/logo\\\/image\\\/\",\"url\":\"https:\\\/\\\/www.diocesi.pavia.it\\\/ilpapaapavia\\\/wp-content\\\/uploads\\\/sites\\\/7\\\/2026\\\/03\\\/logo_diocesi_papa-1.png\",\"contentUrl\":\"https:\\\/\\\/www.diocesi.pavia.it\\\/ilpapaapavia\\\/wp-content\\\/uploads\\\/sites\\\/7\\\/2026\\\/03\\\/logo_diocesi_papa-1.png\",\"width\":216,\"height\":108,\"caption\":\"Papa Leone a Pavia\"},\"image\":{\"@id\":\"https:\\\/\\\/www.diocesi.pavia.it\\\/ilpapaapavia\\\/#\\\/schema\\\/logo\\\/image\\\/\"}}]}<\/script>\n<!-- \/ Yoast SEO plugin. -->","yoast_head_json":{"title":"Due incontri all\u2019Universit\u00e0 e al Ghislieri in attesa della visita del Santo Padre - Papa Leone a Pavia","robots":{"index":"index","follow":"follow","max-snippet":"max-snippet:-1","max-image-preview":"max-image-preview:large","max-video-preview":"max-video-preview:-1"},"canonical":"https:\/\/www.diocesi.pavia.it\/ilpapaapavia\/2026\/04\/17\/due-incontri-alluniversita-e-al-ghislieri-in-attesa-della-visita-del-santo-padre\/","og_locale":"it_IT","og_type":"article","og_title":"Due incontri all\u2019Universit\u00e0 e al Ghislieri in attesa della visita del Santo Padre - Papa Leone a Pavia","og_description":"Continua il cammino che La Diocesi di Pavia ha avviato verso la visita di Papa Leone XIV, in programma sabato 20 giugno. In attesa della diffusione del programma, proseguono le iniziative, anche quelle aperte a tutta la cittadinanza. In particolare, in calendario ci sono due date che meritano di essere evidenziate: gioved\u00ec 23 aprile e marted\u00ec 12 maggio. Il primo incontro si svolger\u00e0 nella serata &hellip; Continue reading Due incontri all\u2019Universit\u00e0 e al Ghislieri in attesa della visita del Santo Padre &raquo;","og_url":"https:\/\/www.diocesi.pavia.it\/ilpapaapavia\/2026\/04\/17\/due-incontri-alluniversita-e-al-ghislieri-in-attesa-della-visita-del-santo-padre\/","og_site_name":"Papa Leone a Pavia","article_published_time":"2026-04-17T14:04:09+00:00","article_modified_time":"2026-04-17T14:10:58+00:00","og_image":[{"width":1810,"height":2560,"url":"https:\/\/www.diocesi.pavia.it\/ilpapaapavia\/wp-content\/uploads\/sites\/7\/2026\/04\/incontri_preparazione_Papa-scaled.jpg","type":"image\/jpeg"}],"author":"lorenzoventurini","twitter_card":"summary_large_image","twitter_misc":{"Scritto da":"lorenzoventurini","Tempo di lettura stimato":"3 minuti"},"schema":{"@context":"https:\/\/schema.org","@graph":[{"@type":"Article","@id":"https:\/\/www.diocesi.pavia.it\/ilpapaapavia\/2026\/04\/17\/due-incontri-alluniversita-e-al-ghislieri-in-attesa-della-visita-del-santo-padre\/#article","isPartOf":{"@id":"https:\/\/www.diocesi.pavia.it\/ilpapaapavia\/2026\/04\/17\/due-incontri-alluniversita-e-al-ghislieri-in-attesa-della-visita-del-santo-padre\/"},"author":{"name":"lorenzoventurini","@id":"https:\/\/www.diocesi.pavia.it\/ilpapaapavia\/#\/schema\/person\/0b3e08b619d1bb14527693762fdb0a33"},"headline":"Due incontri all\u2019Universit\u00e0 e al Ghislieri in attesa della visita del Santo Padre","datePublished":"2026-04-17T14:04:09+00:00","dateModified":"2026-04-17T14:10:58+00:00","mainEntityOfPage":{"@id":"https:\/\/www.diocesi.pavia.it\/ilpapaapavia\/2026\/04\/17\/due-incontri-alluniversita-e-al-ghislieri-in-attesa-della-visita-del-santo-padre\/"},"wordCount":529,"publisher":{"@id":"https:\/\/www.diocesi.pavia.it\/ilpapaapavia\/#organization"},"image":{"@id":"https:\/\/www.diocesi.pavia.it\/ilpapaapavia\/2026\/04\/17\/due-incontri-alluniversita-e-al-ghislieri-in-attesa-della-visita-del-santo-padre\/#primaryimage"},"thumbnailUrl":"https:\/\/www.diocesi.pavia.it\/ilpapaapavia\/wp-content\/uploads\/sites\/7\/2026\/04\/incontri_preparazione_Papa-scaled.jpg","articleSection":["News"],"inLanguage":"it-IT"},{"@type":"WebPage","@id":"https:\/\/www.diocesi.pavia.it\/ilpapaapavia\/2026\/04\/17\/due-incontri-alluniversita-e-al-ghislieri-in-attesa-della-visita-del-santo-padre\/","url":"https:\/\/www.diocesi.pavia.it\/ilpapaapavia\/2026\/04\/17\/due-incontri-alluniversita-e-al-ghislieri-in-attesa-della-visita-del-santo-padre\/","name":"Due incontri all\u2019Universit\u00e0 e al Ghislieri in attesa della visita del Santo Padre - Papa Leone a Pavia","isPartOf":{"@id":"https:\/\/www.diocesi.pavia.it\/ilpapaapavia\/#website"},"primaryImageOfPage":{"@id":"https:\/\/www.diocesi.pavia.it\/ilpapaapavia\/2026\/04\/17\/due-incontri-alluniversita-e-al-ghislieri-in-attesa-della-visita-del-santo-padre\/#primaryimage"},"image":{"@id":"https:\/\/www.diocesi.pavia.it\/ilpapaapavia\/2026\/04\/17\/due-incontri-alluniversita-e-al-ghislieri-in-attesa-della-visita-del-santo-padre\/#primaryimage"},"thumbnailUrl":"https:\/\/www.diocesi.pavia.it\/ilpapaapavia\/wp-content\/uploads\/sites\/7\/2026\/04\/incontri_preparazione_Papa-scaled.jpg","datePublished":"2026-04-17T14:04:09+00:00","dateModified":"2026-04-17T14:10:58+00:00","breadcrumb":{"@id":"https:\/\/www.diocesi.pavia.it\/ilpapaapavia\/2026\/04\/17\/due-incontri-alluniversita-e-al-ghislieri-in-attesa-della-visita-del-santo-padre\/#breadcrumb"},"inLanguage":"it-IT","potentialAction":[{"@type":"ReadAction","target":["https:\/\/www.diocesi.pavia.it\/ilpapaapavia\/2026\/04\/17\/due-incontri-alluniversita-e-al-ghislieri-in-attesa-della-visita-del-santo-padre\/"]}]},{"@type":"ImageObject","inLanguage":"it-IT","@id":"https:\/\/www.diocesi.pavia.it\/ilpapaapavia\/2026\/04\/17\/due-incontri-alluniversita-e-al-ghislieri-in-attesa-della-visita-del-santo-padre\/#primaryimage","url":"https:\/\/www.diocesi.pavia.it\/ilpapaapavia\/wp-content\/uploads\/sites\/7\/2026\/04\/incontri_preparazione_Papa-scaled.jpg","contentUrl":"https:\/\/www.diocesi.pavia.it\/ilpapaapavia\/wp-content\/uploads\/sites\/7\/2026\/04\/incontri_preparazione_Papa-scaled.jpg","width":1810,"height":2560},{"@type":"BreadcrumbList","@id":"https:\/\/www.diocesi.pavia.it\/ilpapaapavia\/2026\/04\/17\/due-incontri-alluniversita-e-al-ghislieri-in-attesa-della-visita-del-santo-padre\/#breadcrumb","itemListElement":[{"@type":"ListItem","position":1,"name":"Home","item":"https:\/\/www.diocesi.pavia.it\/ilpapaapavia\/"},{"@type":"ListItem","position":2,"name":"Due incontri all\u2019Universit\u00e0 e al Ghislieri in attesa della visita del Santo Padre"}]},{"@type":"WebSite","@id":"https:\/\/www.diocesi.pavia.it\/ilpapaapavia\/#website","url":"https:\/\/www.diocesi.pavia.it\/ilpapaapavia\/","name":"Papa Leone a Pavia","description":"Diocesi di Pavia","publisher":{"@id":"https:\/\/www.diocesi.pavia.it\/ilpapaapavia\/#organization"},"potentialAction":[{"@type":"SearchAction","target":{"@type":"EntryPoint","urlTemplate":"https:\/\/www.diocesi.pavia.it\/ilpapaapavia\/?s={search_term_string}"},"query-input":{"@type":"PropertyValueSpecification","valueRequired":true,"valueName":"search_term_string"}}],"inLanguage":"it-IT"},{"@type":"Organization","@id":"https:\/\/www.diocesi.pavia.it\/ilpapaapavia\/#organization","name":"Papa Leone a Pavia","url":"https:\/\/www.diocesi.pavia.it\/ilpapaapavia\/","logo":{"@type":"ImageObject","inLanguage":"it-IT","@id":"https:\/\/www.diocesi.pavia.it\/ilpapaapavia\/#\/schema\/logo\/image\/","url":"https:\/\/www.diocesi.pavia.it\/ilpapaapavia\/wp-content\/uploads\/sites\/7\/2026\/03\/logo_diocesi_papa-1.png","contentUrl":"https:\/\/www.diocesi.pavia.it\/ilpapaapavia\/wp-content\/uploads\/sites\/7\/2026\/03\/logo_diocesi_papa-1.png","width":216,"height":108,"caption":"Papa Leone a Pavia"},"image":{"@id":"https:\/\/www.diocesi.pavia.it\/ilpapaapavia\/#\/schema\/logo\/image\/"}}]}},"_links":{"self":[{"href":"https:\/\/www.diocesi.pavia.it\/ilpapaapavia\/wp-json\/wp\/v2\/posts\/3479","targetHints":{"allow":["GET"]}}],"collection":[{"href":"https:\/\/www.diocesi.pavia.it\/ilpapaapavia\/wp-json\/wp\/v2\/posts"}],"about":[{"href":"https:\/\/www.diocesi.pavia.it\/ilpapaapavia\/wp-json\/wp\/v2\/types\/post"}],"author":[{"embeddable":true,"href":"https:\/\/www.diocesi.pavia.it\/ilpapaapavia\/wp-json\/wp\/v2\/users\/3"}],"replies":[{"embeddable":true,"href":"https:\/\/www.diocesi.pavia.it\/ilpapaapavia\/wp-json\/wp\/v2\/comments?post=3479"}],"version-history":[{"count":1,"href":"https:\/\/www.diocesi.pavia.it\/ilpapaapavia\/wp-json\/wp\/v2\/posts\/3479\/revisions"}],"predecessor-version":[{"id":3482,"href":"https:\/\/www.diocesi.pavia.it\/ilpapaapavia\/wp-json\/wp\/v2\/posts\/3479\/revisions\/3482"}],"wp:featuredmedia":[{"embeddable":true,"href":"https:\/\/www.diocesi.pavia.it\/ilpapaapavia\/wp-json\/wp\/v2\/media\/3481"}],"wp:attachment":[{"href":"https:\/\/www.diocesi.pavia.it\/ilpapaapavia\/wp-json\/wp\/v2\/media?parent=3479"}],"wp:term":[{"taxonomy":"category","embeddable":true,"href":"https:\/\/www.diocesi.pavia.it\/ilpapaapavia\/wp-json\/wp\/v2\/categories?post=3479"},{"taxonomy":"post_tag","embeddable":true,"href":"https:\/\/www.diocesi.pavia.it\/ilpapaapavia\/wp-json\/wp\/v2\/tags?post=3479"}],"curies":[{"name":"wp","href":"https:\/\/api.w.org\/{rel}","templated":true}]}}