{"id":3476,"date":"2026-04-17T15:36:55","date_gmt":"2026-04-17T13:36:55","guid":{"rendered":"https:\/\/www.diocesi.pavia.it\/ilpapaapavia\/?p=3476"},"modified":"2026-04-17T15:36:55","modified_gmt":"2026-04-17T13:36:55","slug":"azione-cattolica-di-pavia-unattesa-sobria-per-il-pontefice-tra-pace-e-responsabilita","status":"publish","type":"post","link":"https:\/\/www.diocesi.pavia.it\/ilpapaapavia\/2026\/04\/17\/azione-cattolica-di-pavia-unattesa-sobria-per-il-pontefice-tra-pace-e-responsabilita\/","title":{"rendered":"Azione Cattolica di Pavia: un\u2019attesa sobria per il Pontefice, tra pace e responsabilit\u00e0"},"content":{"rendered":"<p>Anche l\u2019Azione Cattolica di Pavia si prepara alla visita di Papa Leone XIV con uno sguardo consapevole e misurato. A esprimere questa posizione \u00e8 Francesco Frigerio, presidente diocesano dell\u2019Azione Cattolica pavese, che invita a vivere l\u2019appuntamento senza caricarlo di aspettative eccessive o di significati impropri. L\u2019arrivo del Pontefice viene riconosciuto come un momento significativo per la citt\u00e0 e per la Diocesi, ma pi\u00f9 come un gesto simbolico, un\u2019occasione di incontro che richiama il valore dell\u2019appartenenza ecclesiale, che come un evento destinato a produrre effetti immediati. In questo contesto, l\u2019attenzione si concentra soprattutto sul percorso gi\u00e0 avviato dal Papa nei primi mesi del suo pontificato. Il fatto che Leone XIV abbia finora pubblicato una sola enciclica, in continuit\u00e0 con un lavoro preparato da Papa Francesco, viene letto come un segnale di coerenza pi\u00f9 che di discontinuit\u00e0. Un magistero che chiede di essere affrontato direttamente, attraverso la lettura dei testi, senza fermarsi alle interpretazioni o ai commenti che spesso ne semplificano o ne deformano il contenuto. Al centro emerge con forza il tema della pace, che appare come uno dei fili conduttori dell\u2019azione del Pontefice. Un impegno che non sempre si manifesta in modo evidente, ma che si muove anche su piani meno visibili, con una concretezza che pu\u00f2 sfuggire alla percezione pubblica. In un tempo segnato da tensioni internazionali e da conflitti diffusi, la figura del Papa viene cos\u00ec riconosciuta come un riferimento morale ancora capace di incidere, anche se in forme non sempre immediate. Particolarmente significativa \u00e8 anche la provenienza del Pontefice, in un momento storico in cui negli Stati Uniti riemergono dinamiche in cui la religione viene talvolta utilizzata per giustificare la violenza. Un fenomeno che pu\u00f2 apparire distante, ma che, come spesso accade, tende a influenzare anche altri contesti culturali e sociali, arrivando progressivamente anche in Europa. La visita del Papa si inserisce dunque in un orizzonte pi\u00f9 ampio, che chiama i fedeli non solo ad accogliere un momento significativo, ma a interrogarsi sul proprio ruolo nella costruzione di una cultura di pace e di una fede autentica, capace di sottrarsi a strumentalizzazioni e semplificazioni.<\/p>\n<p><em>Laura Rossi<\/em><\/p>\n<p>[<a href=\"https:\/\/www.diocesi.pavia.it\/ilpapaapavia\/wp-content\/uploads\/sites\/7\/2026\/04\/16.pdf\">il Ticino 17 aprile 2026<\/a>]<\/p>\n","protected":false},"excerpt":{"rendered":"<p>Anche l\u2019Azione Cattolica di Pavia si prepara alla visita di Papa Leone XIV con uno sguardo consapevole e misurato. A esprimere questa posizione \u00e8 Francesco Frigerio, presidente diocesano dell\u2019Azione Cattolica pavese, che invita a vivere l\u2019appuntamento senza caricarlo di aspettative eccessive o di significati impropri. L\u2019arrivo del Pontefice viene riconosciuto come un momento significativo per la citt\u00e0 e per la Diocesi, ma pi\u00f9 come un &hellip; <a href=\"https:\/\/www.diocesi.pavia.it\/ilpapaapavia\/2026\/04\/17\/azione-cattolica-di-pavia-unattesa-sobria-per-il-pontefice-tra-pace-e-responsabilita\/\" class=\"more-link\">Continue reading <span class=\"screen-reader-text\">Azione Cattolica di Pavia: un\u2019attesa sobria per il Pontefice, tra pace e responsabilit\u00e0<\/span> <span class=\"meta-nav\">&raquo;<\/span><\/a><\/p>\n","protected":false},"author":3,"featured_media":3477,"comment_status":"closed","ping_status":"closed","sticky":false,"template":"","format":"standard","meta":{"_acf_changed":false,"ip_address":"","user_agent":"","level":"","revision":"","cookie_id":"","page_referer":"","html_form":"","footnotes":""},"categories":[188],"tags":[],"class_list":["post-3476","post","type-post","status-publish","format-standard","has-post-thumbnail","hentry","category-ticino"],"acf":[],"yoast_head":"<!-- This site is optimized with the Yoast SEO plugin v27.4 - https:\/\/yoast.com\/product\/yoast-seo-wordpress\/ -->\n<title>Azione Cattolica di Pavia: un\u2019attesa sobria per il Pontefice, tra pace e responsabilit\u00e0 - Papa Leone a Pavia<\/title>\n<meta name=\"robots\" content=\"index, follow, max-snippet:-1, max-image-preview:large, max-video-preview:-1\" \/>\n<link rel=\"canonical\" href=\"https:\/\/www.diocesi.pavia.it\/ilpapaapavia\/2026\/04\/17\/azione-cattolica-di-pavia-unattesa-sobria-per-il-pontefice-tra-pace-e-responsabilita\/\" \/>\n<meta property=\"og:locale\" content=\"it_IT\" \/>\n<meta property=\"og:type\" content=\"article\" \/>\n<meta property=\"og:title\" content=\"Azione Cattolica di Pavia: un\u2019attesa sobria per il Pontefice, tra pace e responsabilit\u00e0 - Papa Leone a Pavia\" \/>\n<meta property=\"og:description\" content=\"Anche l\u2019Azione Cattolica di Pavia si prepara alla visita di Papa Leone XIV con uno sguardo consapevole e misurato. A esprimere questa posizione \u00e8 Francesco Frigerio, presidente diocesano dell\u2019Azione Cattolica pavese, che invita a vivere l\u2019appuntamento senza caricarlo di aspettative eccessive o di significati impropri. L\u2019arrivo del Pontefice viene riconosciuto come un momento significativo per la citt\u00e0 e per la Diocesi, ma pi\u00f9 come un &hellip; Continue reading Azione Cattolica di Pavia: un\u2019attesa sobria per il Pontefice, tra pace e responsabilit\u00e0 &raquo;\" \/>\n<meta property=\"og:url\" content=\"https:\/\/www.diocesi.pavia.it\/ilpapaapavia\/2026\/04\/17\/azione-cattolica-di-pavia-unattesa-sobria-per-il-pontefice-tra-pace-e-responsabilita\/\" \/>\n<meta property=\"og:site_name\" content=\"Papa Leone a Pavia\" \/>\n<meta property=\"article:published_time\" content=\"2026-04-17T13:36:55+00:00\" \/>\n<meta property=\"og:image\" content=\"https:\/\/www.diocesi.pavia.it\/ilpapaapavia\/wp-content\/uploads\/sites\/7\/2026\/04\/Screenshot-2026-04-17-154332.png\" \/>\n\t<meta property=\"og:image:width\" content=\"360\" \/>\n\t<meta property=\"og:image:height\" content=\"342\" \/>\n\t<meta property=\"og:image:type\" content=\"image\/png\" \/>\n<meta name=\"author\" content=\"lorenzoventurini\" \/>\n<meta name=\"twitter:card\" content=\"summary_large_image\" \/>\n<meta name=\"twitter:label1\" content=\"Scritto da\" \/>\n\t<meta name=\"twitter:data1\" content=\"lorenzoventurini\" \/>\n\t<meta name=\"twitter:label2\" content=\"Tempo di lettura stimato\" \/>\n\t<meta name=\"twitter:data2\" content=\"3 minuti\" \/>\n<script type=\"application\/ld+json\" class=\"yoast-schema-graph\">{\"@context\":\"https:\\\/\\\/schema.org\",\"@graph\":[{\"@type\":\"Article\",\"@id\":\"https:\\\/\\\/www.diocesi.pavia.it\\\/ilpapaapavia\\\/2026\\\/04\\\/17\\\/azione-cattolica-di-pavia-unattesa-sobria-per-il-pontefice-tra-pace-e-responsabilita\\\/#article\",\"isPartOf\":{\"@id\":\"https:\\\/\\\/www.diocesi.pavia.it\\\/ilpapaapavia\\\/2026\\\/04\\\/17\\\/azione-cattolica-di-pavia-unattesa-sobria-per-il-pontefice-tra-pace-e-responsabilita\\\/\"},\"author\":{\"name\":\"lorenzoventurini\",\"@id\":\"https:\\\/\\\/www.diocesi.pavia.it\\\/ilpapaapavia\\\/#\\\/schema\\\/person\\\/0b3e08b619d1bb14527693762fdb0a33\"},\"headline\":\"Azione Cattolica di Pavia: un\u2019attesa sobria per il Pontefice, tra pace e responsabilit\u00e0\",\"datePublished\":\"2026-04-17T13:36:55+00:00\",\"mainEntityOfPage\":{\"@id\":\"https:\\\/\\\/www.diocesi.pavia.it\\\/ilpapaapavia\\\/2026\\\/04\\\/17\\\/azione-cattolica-di-pavia-unattesa-sobria-per-il-pontefice-tra-pace-e-responsabilita\\\/\"},\"wordCount\":372,\"publisher\":{\"@id\":\"https:\\\/\\\/www.diocesi.pavia.it\\\/ilpapaapavia\\\/#organization\"},\"image\":{\"@id\":\"https:\\\/\\\/www.diocesi.pavia.it\\\/ilpapaapavia\\\/2026\\\/04\\\/17\\\/azione-cattolica-di-pavia-unattesa-sobria-per-il-pontefice-tra-pace-e-responsabilita\\\/#primaryimage\"},\"thumbnailUrl\":\"https:\\\/\\\/www.diocesi.pavia.it\\\/ilpapaapavia\\\/wp-content\\\/uploads\\\/sites\\\/7\\\/2026\\\/04\\\/Screenshot-2026-04-17-154332.png\",\"articleSection\":[\"ticino\"],\"inLanguage\":\"it-IT\"},{\"@type\":\"WebPage\",\"@id\":\"https:\\\/\\\/www.diocesi.pavia.it\\\/ilpapaapavia\\\/2026\\\/04\\\/17\\\/azione-cattolica-di-pavia-unattesa-sobria-per-il-pontefice-tra-pace-e-responsabilita\\\/\",\"url\":\"https:\\\/\\\/www.diocesi.pavia.it\\\/ilpapaapavia\\\/2026\\\/04\\\/17\\\/azione-cattolica-di-pavia-unattesa-sobria-per-il-pontefice-tra-pace-e-responsabilita\\\/\",\"name\":\"Azione Cattolica di Pavia: un\u2019attesa sobria per il Pontefice, tra pace e responsabilit\u00e0 - Papa Leone a Pavia\",\"isPartOf\":{\"@id\":\"https:\\\/\\\/www.diocesi.pavia.it\\\/ilpapaapavia\\\/#website\"},\"primaryImageOfPage\":{\"@id\":\"https:\\\/\\\/www.diocesi.pavia.it\\\/ilpapaapavia\\\/2026\\\/04\\\/17\\\/azione-cattolica-di-pavia-unattesa-sobria-per-il-pontefice-tra-pace-e-responsabilita\\\/#primaryimage\"},\"image\":{\"@id\":\"https:\\\/\\\/www.diocesi.pavia.it\\\/ilpapaapavia\\\/2026\\\/04\\\/17\\\/azione-cattolica-di-pavia-unattesa-sobria-per-il-pontefice-tra-pace-e-responsabilita\\\/#primaryimage\"},\"thumbnailUrl\":\"https:\\\/\\\/www.diocesi.pavia.it\\\/ilpapaapavia\\\/wp-content\\\/uploads\\\/sites\\\/7\\\/2026\\\/04\\\/Screenshot-2026-04-17-154332.png\",\"datePublished\":\"2026-04-17T13:36:55+00:00\",\"breadcrumb\":{\"@id\":\"https:\\\/\\\/www.diocesi.pavia.it\\\/ilpapaapavia\\\/2026\\\/04\\\/17\\\/azione-cattolica-di-pavia-unattesa-sobria-per-il-pontefice-tra-pace-e-responsabilita\\\/#breadcrumb\"},\"inLanguage\":\"it-IT\",\"potentialAction\":[{\"@type\":\"ReadAction\",\"target\":[\"https:\\\/\\\/www.diocesi.pavia.it\\\/ilpapaapavia\\\/2026\\\/04\\\/17\\\/azione-cattolica-di-pavia-unattesa-sobria-per-il-pontefice-tra-pace-e-responsabilita\\\/\"]}]},{\"@type\":\"ImageObject\",\"inLanguage\":\"it-IT\",\"@id\":\"https:\\\/\\\/www.diocesi.pavia.it\\\/ilpapaapavia\\\/2026\\\/04\\\/17\\\/azione-cattolica-di-pavia-unattesa-sobria-per-il-pontefice-tra-pace-e-responsabilita\\\/#primaryimage\",\"url\":\"https:\\\/\\\/www.diocesi.pavia.it\\\/ilpapaapavia\\\/wp-content\\\/uploads\\\/sites\\\/7\\\/2026\\\/04\\\/Screenshot-2026-04-17-154332.png\",\"contentUrl\":\"https:\\\/\\\/www.diocesi.pavia.it\\\/ilpapaapavia\\\/wp-content\\\/uploads\\\/sites\\\/7\\\/2026\\\/04\\\/Screenshot-2026-04-17-154332.png\",\"width\":360,\"height\":342},{\"@type\":\"BreadcrumbList\",\"@id\":\"https:\\\/\\\/www.diocesi.pavia.it\\\/ilpapaapavia\\\/2026\\\/04\\\/17\\\/azione-cattolica-di-pavia-unattesa-sobria-per-il-pontefice-tra-pace-e-responsabilita\\\/#breadcrumb\",\"itemListElement\":[{\"@type\":\"ListItem\",\"position\":1,\"name\":\"Home\",\"item\":\"https:\\\/\\\/www.diocesi.pavia.it\\\/ilpapaapavia\\\/\"},{\"@type\":\"ListItem\",\"position\":2,\"name\":\"Azione Cattolica di Pavia: un\u2019attesa sobria per il Pontefice, tra pace e responsabilit\u00e0\"}]},{\"@type\":\"WebSite\",\"@id\":\"https:\\\/\\\/www.diocesi.pavia.it\\\/ilpapaapavia\\\/#website\",\"url\":\"https:\\\/\\\/www.diocesi.pavia.it\\\/ilpapaapavia\\\/\",\"name\":\"Papa Leone a Pavia\",\"description\":\"Diocesi di Pavia\",\"publisher\":{\"@id\":\"https:\\\/\\\/www.diocesi.pavia.it\\\/ilpapaapavia\\\/#organization\"},\"potentialAction\":[{\"@type\":\"SearchAction\",\"target\":{\"@type\":\"EntryPoint\",\"urlTemplate\":\"https:\\\/\\\/www.diocesi.pavia.it\\\/ilpapaapavia\\\/?s={search_term_string}\"},\"query-input\":{\"@type\":\"PropertyValueSpecification\",\"valueRequired\":true,\"valueName\":\"search_term_string\"}}],\"inLanguage\":\"it-IT\"},{\"@type\":\"Organization\",\"@id\":\"https:\\\/\\\/www.diocesi.pavia.it\\\/ilpapaapavia\\\/#organization\",\"name\":\"Papa Leone a Pavia\",\"url\":\"https:\\\/\\\/www.diocesi.pavia.it\\\/ilpapaapavia\\\/\",\"logo\":{\"@type\":\"ImageObject\",\"inLanguage\":\"it-IT\",\"@id\":\"https:\\\/\\\/www.diocesi.pavia.it\\\/ilpapaapavia\\\/#\\\/schema\\\/logo\\\/image\\\/\",\"url\":\"https:\\\/\\\/www.diocesi.pavia.it\\\/ilpapaapavia\\\/wp-content\\\/uploads\\\/sites\\\/7\\\/2026\\\/03\\\/logo_diocesi_papa-1.png\",\"contentUrl\":\"https:\\\/\\\/www.diocesi.pavia.it\\\/ilpapaapavia\\\/wp-content\\\/uploads\\\/sites\\\/7\\\/2026\\\/03\\\/logo_diocesi_papa-1.png\",\"width\":216,\"height\":108,\"caption\":\"Papa Leone a Pavia\"},\"image\":{\"@id\":\"https:\\\/\\\/www.diocesi.pavia.it\\\/ilpapaapavia\\\/#\\\/schema\\\/logo\\\/image\\\/\"}}]}<\/script>\n<!-- \/ Yoast SEO plugin. -->","yoast_head_json":{"title":"Azione Cattolica di Pavia: un\u2019attesa sobria per il Pontefice, tra pace e responsabilit\u00e0 - Papa Leone a Pavia","robots":{"index":"index","follow":"follow","max-snippet":"max-snippet:-1","max-image-preview":"max-image-preview:large","max-video-preview":"max-video-preview:-1"},"canonical":"https:\/\/www.diocesi.pavia.it\/ilpapaapavia\/2026\/04\/17\/azione-cattolica-di-pavia-unattesa-sobria-per-il-pontefice-tra-pace-e-responsabilita\/","og_locale":"it_IT","og_type":"article","og_title":"Azione Cattolica di Pavia: un\u2019attesa sobria per il Pontefice, tra pace e responsabilit\u00e0 - Papa Leone a Pavia","og_description":"Anche l\u2019Azione Cattolica di Pavia si prepara alla visita di Papa Leone XIV con uno sguardo consapevole e misurato. A esprimere questa posizione \u00e8 Francesco Frigerio, presidente diocesano dell\u2019Azione Cattolica pavese, che invita a vivere l\u2019appuntamento senza caricarlo di aspettative eccessive o di significati impropri. L\u2019arrivo del Pontefice viene riconosciuto come un momento significativo per la citt\u00e0 e per la Diocesi, ma pi\u00f9 come un &hellip; Continue reading Azione Cattolica di Pavia: un\u2019attesa sobria per il Pontefice, tra pace e responsabilit\u00e0 &raquo;","og_url":"https:\/\/www.diocesi.pavia.it\/ilpapaapavia\/2026\/04\/17\/azione-cattolica-di-pavia-unattesa-sobria-per-il-pontefice-tra-pace-e-responsabilita\/","og_site_name":"Papa Leone a Pavia","article_published_time":"2026-04-17T13:36:55+00:00","og_image":[{"width":360,"height":342,"url":"https:\/\/www.diocesi.pavia.it\/ilpapaapavia\/wp-content\/uploads\/sites\/7\/2026\/04\/Screenshot-2026-04-17-154332.png","type":"image\/png"}],"author":"lorenzoventurini","twitter_card":"summary_large_image","twitter_misc":{"Scritto da":"lorenzoventurini","Tempo di lettura stimato":"3 minuti"},"schema":{"@context":"https:\/\/schema.org","@graph":[{"@type":"Article","@id":"https:\/\/www.diocesi.pavia.it\/ilpapaapavia\/2026\/04\/17\/azione-cattolica-di-pavia-unattesa-sobria-per-il-pontefice-tra-pace-e-responsabilita\/#article","isPartOf":{"@id":"https:\/\/www.diocesi.pavia.it\/ilpapaapavia\/2026\/04\/17\/azione-cattolica-di-pavia-unattesa-sobria-per-il-pontefice-tra-pace-e-responsabilita\/"},"author":{"name":"lorenzoventurini","@id":"https:\/\/www.diocesi.pavia.it\/ilpapaapavia\/#\/schema\/person\/0b3e08b619d1bb14527693762fdb0a33"},"headline":"Azione Cattolica di Pavia: un\u2019attesa sobria per il Pontefice, tra pace e responsabilit\u00e0","datePublished":"2026-04-17T13:36:55+00:00","mainEntityOfPage":{"@id":"https:\/\/www.diocesi.pavia.it\/ilpapaapavia\/2026\/04\/17\/azione-cattolica-di-pavia-unattesa-sobria-per-il-pontefice-tra-pace-e-responsabilita\/"},"wordCount":372,"publisher":{"@id":"https:\/\/www.diocesi.pavia.it\/ilpapaapavia\/#organization"},"image":{"@id":"https:\/\/www.diocesi.pavia.it\/ilpapaapavia\/2026\/04\/17\/azione-cattolica-di-pavia-unattesa-sobria-per-il-pontefice-tra-pace-e-responsabilita\/#primaryimage"},"thumbnailUrl":"https:\/\/www.diocesi.pavia.it\/ilpapaapavia\/wp-content\/uploads\/sites\/7\/2026\/04\/Screenshot-2026-04-17-154332.png","articleSection":["ticino"],"inLanguage":"it-IT"},{"@type":"WebPage","@id":"https:\/\/www.diocesi.pavia.it\/ilpapaapavia\/2026\/04\/17\/azione-cattolica-di-pavia-unattesa-sobria-per-il-pontefice-tra-pace-e-responsabilita\/","url":"https:\/\/www.diocesi.pavia.it\/ilpapaapavia\/2026\/04\/17\/azione-cattolica-di-pavia-unattesa-sobria-per-il-pontefice-tra-pace-e-responsabilita\/","name":"Azione Cattolica di Pavia: un\u2019attesa sobria per il Pontefice, tra pace e responsabilit\u00e0 - Papa Leone a Pavia","isPartOf":{"@id":"https:\/\/www.diocesi.pavia.it\/ilpapaapavia\/#website"},"primaryImageOfPage":{"@id":"https:\/\/www.diocesi.pavia.it\/ilpapaapavia\/2026\/04\/17\/azione-cattolica-di-pavia-unattesa-sobria-per-il-pontefice-tra-pace-e-responsabilita\/#primaryimage"},"image":{"@id":"https:\/\/www.diocesi.pavia.it\/ilpapaapavia\/2026\/04\/17\/azione-cattolica-di-pavia-unattesa-sobria-per-il-pontefice-tra-pace-e-responsabilita\/#primaryimage"},"thumbnailUrl":"https:\/\/www.diocesi.pavia.it\/ilpapaapavia\/wp-content\/uploads\/sites\/7\/2026\/04\/Screenshot-2026-04-17-154332.png","datePublished":"2026-04-17T13:36:55+00:00","breadcrumb":{"@id":"https:\/\/www.diocesi.pavia.it\/ilpapaapavia\/2026\/04\/17\/azione-cattolica-di-pavia-unattesa-sobria-per-il-pontefice-tra-pace-e-responsabilita\/#breadcrumb"},"inLanguage":"it-IT","potentialAction":[{"@type":"ReadAction","target":["https:\/\/www.diocesi.pavia.it\/ilpapaapavia\/2026\/04\/17\/azione-cattolica-di-pavia-unattesa-sobria-per-il-pontefice-tra-pace-e-responsabilita\/"]}]},{"@type":"ImageObject","inLanguage":"it-IT","@id":"https:\/\/www.diocesi.pavia.it\/ilpapaapavia\/2026\/04\/17\/azione-cattolica-di-pavia-unattesa-sobria-per-il-pontefice-tra-pace-e-responsabilita\/#primaryimage","url":"https:\/\/www.diocesi.pavia.it\/ilpapaapavia\/wp-content\/uploads\/sites\/7\/2026\/04\/Screenshot-2026-04-17-154332.png","contentUrl":"https:\/\/www.diocesi.pavia.it\/ilpapaapavia\/wp-content\/uploads\/sites\/7\/2026\/04\/Screenshot-2026-04-17-154332.png","width":360,"height":342},{"@type":"BreadcrumbList","@id":"https:\/\/www.diocesi.pavia.it\/ilpapaapavia\/2026\/04\/17\/azione-cattolica-di-pavia-unattesa-sobria-per-il-pontefice-tra-pace-e-responsabilita\/#breadcrumb","itemListElement":[{"@type":"ListItem","position":1,"name":"Home","item":"https:\/\/www.diocesi.pavia.it\/ilpapaapavia\/"},{"@type":"ListItem","position":2,"name":"Azione Cattolica di Pavia: un\u2019attesa sobria per il Pontefice, tra pace e responsabilit\u00e0"}]},{"@type":"WebSite","@id":"https:\/\/www.diocesi.pavia.it\/ilpapaapavia\/#website","url":"https:\/\/www.diocesi.pavia.it\/ilpapaapavia\/","name":"Papa Leone a Pavia","description":"Diocesi di Pavia","publisher":{"@id":"https:\/\/www.diocesi.pavia.it\/ilpapaapavia\/#organization"},"potentialAction":[{"@type":"SearchAction","target":{"@type":"EntryPoint","urlTemplate":"https:\/\/www.diocesi.pavia.it\/ilpapaapavia\/?s={search_term_string}"},"query-input":{"@type":"PropertyValueSpecification","valueRequired":true,"valueName":"search_term_string"}}],"inLanguage":"it-IT"},{"@type":"Organization","@id":"https:\/\/www.diocesi.pavia.it\/ilpapaapavia\/#organization","name":"Papa Leone a Pavia","url":"https:\/\/www.diocesi.pavia.it\/ilpapaapavia\/","logo":{"@type":"ImageObject","inLanguage":"it-IT","@id":"https:\/\/www.diocesi.pavia.it\/ilpapaapavia\/#\/schema\/logo\/image\/","url":"https:\/\/www.diocesi.pavia.it\/ilpapaapavia\/wp-content\/uploads\/sites\/7\/2026\/03\/logo_diocesi_papa-1.png","contentUrl":"https:\/\/www.diocesi.pavia.it\/ilpapaapavia\/wp-content\/uploads\/sites\/7\/2026\/03\/logo_diocesi_papa-1.png","width":216,"height":108,"caption":"Papa Leone a Pavia"},"image":{"@id":"https:\/\/www.diocesi.pavia.it\/ilpapaapavia\/#\/schema\/logo\/image\/"}}]}},"_links":{"self":[{"href":"https:\/\/www.diocesi.pavia.it\/ilpapaapavia\/wp-json\/wp\/v2\/posts\/3476","targetHints":{"allow":["GET"]}}],"collection":[{"href":"https:\/\/www.diocesi.pavia.it\/ilpapaapavia\/wp-json\/wp\/v2\/posts"}],"about":[{"href":"https:\/\/www.diocesi.pavia.it\/ilpapaapavia\/wp-json\/wp\/v2\/types\/post"}],"author":[{"embeddable":true,"href":"https:\/\/www.diocesi.pavia.it\/ilpapaapavia\/wp-json\/wp\/v2\/users\/3"}],"replies":[{"embeddable":true,"href":"https:\/\/www.diocesi.pavia.it\/ilpapaapavia\/wp-json\/wp\/v2\/comments?post=3476"}],"version-history":[{"count":1,"href":"https:\/\/www.diocesi.pavia.it\/ilpapaapavia\/wp-json\/wp\/v2\/posts\/3476\/revisions"}],"predecessor-version":[{"id":3478,"href":"https:\/\/www.diocesi.pavia.it\/ilpapaapavia\/wp-json\/wp\/v2\/posts\/3476\/revisions\/3478"}],"wp:featuredmedia":[{"embeddable":true,"href":"https:\/\/www.diocesi.pavia.it\/ilpapaapavia\/wp-json\/wp\/v2\/media\/3477"}],"wp:attachment":[{"href":"https:\/\/www.diocesi.pavia.it\/ilpapaapavia\/wp-json\/wp\/v2\/media?parent=3476"}],"wp:term":[{"taxonomy":"category","embeddable":true,"href":"https:\/\/www.diocesi.pavia.it\/ilpapaapavia\/wp-json\/wp\/v2\/categories?post=3476"},{"taxonomy":"post_tag","embeddable":true,"href":"https:\/\/www.diocesi.pavia.it\/ilpapaapavia\/wp-json\/wp\/v2\/tags?post=3476"}],"curies":[{"name":"wp","href":"https:\/\/api.w.org\/{rel}","templated":true}]}}