{"id":3472,"date":"2026-04-17T15:34:01","date_gmt":"2026-04-17T13:34:01","guid":{"rendered":"https:\/\/www.diocesi.pavia.it\/ilpapaapavia\/?p=3472"},"modified":"2026-04-17T15:34:01","modified_gmt":"2026-04-17T13:34:01","slug":"il-santo-padre-a-pavia-don-roberto-belloni-sara-un-segno-concreto-di-unita","status":"publish","type":"post","link":"https:\/\/www.diocesi.pavia.it\/ilpapaapavia\/2026\/04\/17\/il-santo-padre-a-pavia-don-roberto-belloni-sara-un-segno-concreto-di-unita\/","title":{"rendered":"Il Santo Padre a Pavia, don Roberto Belloni: \u201cSar\u00e0 un segno concreto di unit\u00e0\u201d"},"content":{"rendered":"<p>Un segno grande di speranza, uno stimolo a riscoprire l\u2019autenticit\u00e0 della fede in un tempo non facile. Don Roberto Belloni, parroco dell\u2019Unit\u00e0 di Belgioioso, Filighera e Torre de\u2019 Negri, vede in questa ottica comunitaria la visita che Papa Leone XIV far\u00e0 a Pavia sabato 20 giugno. Un momento molto atteso che rilancia anche percorsi di spiritualit\u00e0 nel segno di Sant\u2019Agostino.<\/p>\n<p><strong>Quale significato assume per la vostra Unit\u00e0-Comunit\u00e0 la visita del Pontefice a Pavia?<\/strong><br \/>\n\u201c<em>La visita del Santo Padre rappresenta per la nostra Unit\u00e0 pastorale un evento di grazia e di profonda comunione ecclesiale. \u00c8 un\u2019occasione per sentirci parte viva della Chiesa universale e per rinnovare il nostro legame con il Successore di Pietro. In un tempo spesso segnato da frammentazione e incertezze, la presenza del Papa diventa un segno concreto di unit\u00e0, speranza e vicinanza. Assume un significato ancora pi\u00f9 particolare anche alla luce del legame con Sant&#8217;Agostino: la tradizione agostiniana, con il suo invito a cercare Dio nel profondo del cuore e a costruire comunit\u00e0 fondate sulla carit\u00e0 e sulla comunione, offre una chiave preziosa per vivere questo momento. Per noi \u00e8 uno stimolo a riscoprire una fede autentica, capace di unire interiorit\u00e0 e vita comunitaria<\/em>\u201d.<\/p>\n<p><strong>In che modo vi state preparando per coinvolgere fedeli, giovani e famiglie?<\/strong><br \/>\n\u201c<em>Sono in programma momenti di preghiera, adorazione e catechesi, per aiutare tutti a vivere questa visita non solo come un evento, ma come un\u2019esperienza di fede; saranno condivisi i momenti di preparazione proposti dalla Diocesi. Sicuramente prenderemo spunto dalla spiritualit\u00e0 agostiniana, come il tema della comunit\u00e0 e dell\u2019amicizia in Cristo. Cercheremo di coinvolgere i diversi gruppi della comunit\u00e0, con l\u2019intento di far sentire ciascuno parte di questo cammino<\/em>\u201d.<\/p>\n<p><strong>Quale messaggio ti auguri che la visita del Papa possa lasciare alla vostra comunit\u00e0 e pi\u00f9 in generale al territorio di Belgioioso?<\/strong><br \/>\n\u201c<em>Mi auguro che questa visita lasci anzitutto un rinnovato senso di speranza e fiducia nel futuro. Che il Papa possa incoraggiarci a essere una comunit\u00e0 accogliente, capace di prendersi cura delle fragilit\u00e0 e di costruire relazioni autentiche. Alla luce della sua esperienza agostiniana, spero anche in un forte richiamo all\u2019interiorit\u00e0 e alla ricerca della verit\u00e0, secondo l\u2019insegnamento di Sant&#8217;Agostino, ma sempre vissuto dentro una comunit\u00e0 concreta, solidale e sinodale. Per il territorio di Belgioioso, Filighera e Torre de\u2019 Negri, mi auguro resti un messaggio di unit\u00e0 e di responsabilit\u00e0 condivisa, capace di superare divisioni e indifferenze. E soprattutto, che ciascuno possa sentirsi chiamato a essere protagonista del bene comune, portando nel quotidiano un segno concreto di Vangelo vissuto<\/em>\u201d.<\/p>\n<p><em>Simona Rapparelli<\/em><\/p>\n<p>[<a href=\"https:\/\/www.diocesi.pavia.it\/ilpapaapavia\/wp-content\/uploads\/sites\/7\/2026\/04\/16.pdf\">il Ticino 17 aprile 2026<\/a>]<\/p>\n","protected":false},"excerpt":{"rendered":"<p>Un segno grande di speranza, uno stimolo a riscoprire l\u2019autenticit\u00e0 della fede in un tempo non facile. Don Roberto Belloni, parroco dell\u2019Unit\u00e0 di Belgioioso, Filighera e Torre de\u2019 Negri, vede in questa ottica comunitaria la visita che Papa Leone XIV far\u00e0 a Pavia sabato 20 giugno. Un momento molto atteso che rilancia anche percorsi di spiritualit\u00e0 nel segno di Sant\u2019Agostino. Quale significato assume per la &hellip; <a href=\"https:\/\/www.diocesi.pavia.it\/ilpapaapavia\/2026\/04\/17\/il-santo-padre-a-pavia-don-roberto-belloni-sara-un-segno-concreto-di-unita\/\" class=\"more-link\">Continue reading <span class=\"screen-reader-text\">Il Santo Padre a Pavia, don Roberto Belloni: \u201cSar\u00e0 un segno concreto di unit\u00e0\u201d<\/span> <span class=\"meta-nav\">&raquo;<\/span><\/a><\/p>\n","protected":false},"author":3,"featured_media":3474,"comment_status":"closed","ping_status":"closed","sticky":false,"template":"","format":"standard","meta":{"_acf_changed":false,"ip_address":"","user_agent":"","level":"","revision":"","cookie_id":"","page_referer":"","html_form":"","footnotes":""},"categories":[188],"tags":[],"class_list":["post-3472","post","type-post","status-publish","format-standard","has-post-thumbnail","hentry","category-ticino"],"acf":[],"yoast_head":"<!-- This site is optimized with the Yoast SEO plugin v27.4 - https:\/\/yoast.com\/product\/yoast-seo-wordpress\/ -->\n<title>Il Santo Padre a Pavia, don Roberto Belloni: \u201cSar\u00e0 un segno concreto di unit\u00e0\u201d - Papa Leone a Pavia<\/title>\n<meta name=\"robots\" content=\"index, follow, max-snippet:-1, max-image-preview:large, max-video-preview:-1\" \/>\n<link rel=\"canonical\" href=\"https:\/\/www.diocesi.pavia.it\/ilpapaapavia\/2026\/04\/17\/il-santo-padre-a-pavia-don-roberto-belloni-sara-un-segno-concreto-di-unita\/\" \/>\n<meta property=\"og:locale\" content=\"it_IT\" \/>\n<meta property=\"og:type\" content=\"article\" \/>\n<meta property=\"og:title\" content=\"Il Santo Padre a Pavia, don Roberto Belloni: \u201cSar\u00e0 un segno concreto di unit\u00e0\u201d - Papa Leone a Pavia\" \/>\n<meta property=\"og:description\" content=\"Un segno grande di speranza, uno stimolo a riscoprire l\u2019autenticit\u00e0 della fede in un tempo non facile. Don Roberto Belloni, parroco dell\u2019Unit\u00e0 di Belgioioso, Filighera e Torre de\u2019 Negri, vede in questa ottica comunitaria la visita che Papa Leone XIV far\u00e0 a Pavia sabato 20 giugno. Un momento molto atteso che rilancia anche percorsi di spiritualit\u00e0 nel segno di Sant\u2019Agostino. Quale significato assume per la &hellip; Continue reading Il Santo Padre a Pavia, don Roberto Belloni: \u201cSar\u00e0 un segno concreto di unit\u00e0\u201d &raquo;\" \/>\n<meta property=\"og:url\" content=\"https:\/\/www.diocesi.pavia.it\/ilpapaapavia\/2026\/04\/17\/il-santo-padre-a-pavia-don-roberto-belloni-sara-un-segno-concreto-di-unita\/\" \/>\n<meta property=\"og:site_name\" content=\"Papa Leone a Pavia\" \/>\n<meta property=\"article:published_time\" content=\"2026-04-17T13:34:01+00:00\" \/>\n<meta property=\"og:image\" content=\"https:\/\/www.diocesi.pavia.it\/ilpapaapavia\/wp-content\/uploads\/sites\/7\/2026\/04\/Screenshot-2026-04-17-153933.png\" \/>\n\t<meta property=\"og:image:width\" content=\"359\" \/>\n\t<meta property=\"og:image:height\" content=\"494\" \/>\n\t<meta property=\"og:image:type\" content=\"image\/png\" \/>\n<meta name=\"author\" content=\"lorenzoventurini\" \/>\n<meta name=\"twitter:card\" content=\"summary_large_image\" \/>\n<meta name=\"twitter:label1\" content=\"Scritto da\" \/>\n\t<meta name=\"twitter:data1\" content=\"lorenzoventurini\" \/>\n\t<meta name=\"twitter:label2\" content=\"Tempo di lettura stimato\" \/>\n\t<meta name=\"twitter:data2\" content=\"3 minuti\" \/>\n<script type=\"application\/ld+json\" class=\"yoast-schema-graph\">{\"@context\":\"https:\\\/\\\/schema.org\",\"@graph\":[{\"@type\":\"Article\",\"@id\":\"https:\\\/\\\/www.diocesi.pavia.it\\\/ilpapaapavia\\\/2026\\\/04\\\/17\\\/il-santo-padre-a-pavia-don-roberto-belloni-sara-un-segno-concreto-di-unita\\\/#article\",\"isPartOf\":{\"@id\":\"https:\\\/\\\/www.diocesi.pavia.it\\\/ilpapaapavia\\\/2026\\\/04\\\/17\\\/il-santo-padre-a-pavia-don-roberto-belloni-sara-un-segno-concreto-di-unita\\\/\"},\"author\":{\"name\":\"lorenzoventurini\",\"@id\":\"https:\\\/\\\/www.diocesi.pavia.it\\\/ilpapaapavia\\\/#\\\/schema\\\/person\\\/0b3e08b619d1bb14527693762fdb0a33\"},\"headline\":\"Il Santo Padre a Pavia, don Roberto Belloni: \u201cSar\u00e0 un segno concreto di unit\u00e0\u201d\",\"datePublished\":\"2026-04-17T13:34:01+00:00\",\"mainEntityOfPage\":{\"@id\":\"https:\\\/\\\/www.diocesi.pavia.it\\\/ilpapaapavia\\\/2026\\\/04\\\/17\\\/il-santo-padre-a-pavia-don-roberto-belloni-sara-un-segno-concreto-di-unita\\\/\"},\"wordCount\":445,\"publisher\":{\"@id\":\"https:\\\/\\\/www.diocesi.pavia.it\\\/ilpapaapavia\\\/#organization\"},\"image\":{\"@id\":\"https:\\\/\\\/www.diocesi.pavia.it\\\/ilpapaapavia\\\/2026\\\/04\\\/17\\\/il-santo-padre-a-pavia-don-roberto-belloni-sara-un-segno-concreto-di-unita\\\/#primaryimage\"},\"thumbnailUrl\":\"https:\\\/\\\/www.diocesi.pavia.it\\\/ilpapaapavia\\\/wp-content\\\/uploads\\\/sites\\\/7\\\/2026\\\/04\\\/Screenshot-2026-04-17-153933.png\",\"articleSection\":[\"ticino\"],\"inLanguage\":\"it-IT\"},{\"@type\":\"WebPage\",\"@id\":\"https:\\\/\\\/www.diocesi.pavia.it\\\/ilpapaapavia\\\/2026\\\/04\\\/17\\\/il-santo-padre-a-pavia-don-roberto-belloni-sara-un-segno-concreto-di-unita\\\/\",\"url\":\"https:\\\/\\\/www.diocesi.pavia.it\\\/ilpapaapavia\\\/2026\\\/04\\\/17\\\/il-santo-padre-a-pavia-don-roberto-belloni-sara-un-segno-concreto-di-unita\\\/\",\"name\":\"Il Santo Padre a Pavia, don Roberto Belloni: \u201cSar\u00e0 un segno concreto di unit\u00e0\u201d - Papa Leone a Pavia\",\"isPartOf\":{\"@id\":\"https:\\\/\\\/www.diocesi.pavia.it\\\/ilpapaapavia\\\/#website\"},\"primaryImageOfPage\":{\"@id\":\"https:\\\/\\\/www.diocesi.pavia.it\\\/ilpapaapavia\\\/2026\\\/04\\\/17\\\/il-santo-padre-a-pavia-don-roberto-belloni-sara-un-segno-concreto-di-unita\\\/#primaryimage\"},\"image\":{\"@id\":\"https:\\\/\\\/www.diocesi.pavia.it\\\/ilpapaapavia\\\/2026\\\/04\\\/17\\\/il-santo-padre-a-pavia-don-roberto-belloni-sara-un-segno-concreto-di-unita\\\/#primaryimage\"},\"thumbnailUrl\":\"https:\\\/\\\/www.diocesi.pavia.it\\\/ilpapaapavia\\\/wp-content\\\/uploads\\\/sites\\\/7\\\/2026\\\/04\\\/Screenshot-2026-04-17-153933.png\",\"datePublished\":\"2026-04-17T13:34:01+00:00\",\"breadcrumb\":{\"@id\":\"https:\\\/\\\/www.diocesi.pavia.it\\\/ilpapaapavia\\\/2026\\\/04\\\/17\\\/il-santo-padre-a-pavia-don-roberto-belloni-sara-un-segno-concreto-di-unita\\\/#breadcrumb\"},\"inLanguage\":\"it-IT\",\"potentialAction\":[{\"@type\":\"ReadAction\",\"target\":[\"https:\\\/\\\/www.diocesi.pavia.it\\\/ilpapaapavia\\\/2026\\\/04\\\/17\\\/il-santo-padre-a-pavia-don-roberto-belloni-sara-un-segno-concreto-di-unita\\\/\"]}]},{\"@type\":\"ImageObject\",\"inLanguage\":\"it-IT\",\"@id\":\"https:\\\/\\\/www.diocesi.pavia.it\\\/ilpapaapavia\\\/2026\\\/04\\\/17\\\/il-santo-padre-a-pavia-don-roberto-belloni-sara-un-segno-concreto-di-unita\\\/#primaryimage\",\"url\":\"https:\\\/\\\/www.diocesi.pavia.it\\\/ilpapaapavia\\\/wp-content\\\/uploads\\\/sites\\\/7\\\/2026\\\/04\\\/Screenshot-2026-04-17-153933.png\",\"contentUrl\":\"https:\\\/\\\/www.diocesi.pavia.it\\\/ilpapaapavia\\\/wp-content\\\/uploads\\\/sites\\\/7\\\/2026\\\/04\\\/Screenshot-2026-04-17-153933.png\",\"width\":359,\"height\":494},{\"@type\":\"BreadcrumbList\",\"@id\":\"https:\\\/\\\/www.diocesi.pavia.it\\\/ilpapaapavia\\\/2026\\\/04\\\/17\\\/il-santo-padre-a-pavia-don-roberto-belloni-sara-un-segno-concreto-di-unita\\\/#breadcrumb\",\"itemListElement\":[{\"@type\":\"ListItem\",\"position\":1,\"name\":\"Home\",\"item\":\"https:\\\/\\\/www.diocesi.pavia.it\\\/ilpapaapavia\\\/\"},{\"@type\":\"ListItem\",\"position\":2,\"name\":\"Il Santo Padre a Pavia, don Roberto Belloni: \u201cSar\u00e0 un segno concreto di unit\u00e0\u201d\"}]},{\"@type\":\"WebSite\",\"@id\":\"https:\\\/\\\/www.diocesi.pavia.it\\\/ilpapaapavia\\\/#website\",\"url\":\"https:\\\/\\\/www.diocesi.pavia.it\\\/ilpapaapavia\\\/\",\"name\":\"Papa Leone a Pavia\",\"description\":\"Diocesi di Pavia\",\"publisher\":{\"@id\":\"https:\\\/\\\/www.diocesi.pavia.it\\\/ilpapaapavia\\\/#organization\"},\"potentialAction\":[{\"@type\":\"SearchAction\",\"target\":{\"@type\":\"EntryPoint\",\"urlTemplate\":\"https:\\\/\\\/www.diocesi.pavia.it\\\/ilpapaapavia\\\/?s={search_term_string}\"},\"query-input\":{\"@type\":\"PropertyValueSpecification\",\"valueRequired\":true,\"valueName\":\"search_term_string\"}}],\"inLanguage\":\"it-IT\"},{\"@type\":\"Organization\",\"@id\":\"https:\\\/\\\/www.diocesi.pavia.it\\\/ilpapaapavia\\\/#organization\",\"name\":\"Papa Leone a Pavia\",\"url\":\"https:\\\/\\\/www.diocesi.pavia.it\\\/ilpapaapavia\\\/\",\"logo\":{\"@type\":\"ImageObject\",\"inLanguage\":\"it-IT\",\"@id\":\"https:\\\/\\\/www.diocesi.pavia.it\\\/ilpapaapavia\\\/#\\\/schema\\\/logo\\\/image\\\/\",\"url\":\"https:\\\/\\\/www.diocesi.pavia.it\\\/ilpapaapavia\\\/wp-content\\\/uploads\\\/sites\\\/7\\\/2026\\\/03\\\/logo_diocesi_papa-1.png\",\"contentUrl\":\"https:\\\/\\\/www.diocesi.pavia.it\\\/ilpapaapavia\\\/wp-content\\\/uploads\\\/sites\\\/7\\\/2026\\\/03\\\/logo_diocesi_papa-1.png\",\"width\":216,\"height\":108,\"caption\":\"Papa Leone a Pavia\"},\"image\":{\"@id\":\"https:\\\/\\\/www.diocesi.pavia.it\\\/ilpapaapavia\\\/#\\\/schema\\\/logo\\\/image\\\/\"}}]}<\/script>\n<!-- \/ Yoast SEO plugin. -->","yoast_head_json":{"title":"Il Santo Padre a Pavia, don Roberto Belloni: \u201cSar\u00e0 un segno concreto di unit\u00e0\u201d - Papa Leone a Pavia","robots":{"index":"index","follow":"follow","max-snippet":"max-snippet:-1","max-image-preview":"max-image-preview:large","max-video-preview":"max-video-preview:-1"},"canonical":"https:\/\/www.diocesi.pavia.it\/ilpapaapavia\/2026\/04\/17\/il-santo-padre-a-pavia-don-roberto-belloni-sara-un-segno-concreto-di-unita\/","og_locale":"it_IT","og_type":"article","og_title":"Il Santo Padre a Pavia, don Roberto Belloni: \u201cSar\u00e0 un segno concreto di unit\u00e0\u201d - Papa Leone a Pavia","og_description":"Un segno grande di speranza, uno stimolo a riscoprire l\u2019autenticit\u00e0 della fede in un tempo non facile. Don Roberto Belloni, parroco dell\u2019Unit\u00e0 di Belgioioso, Filighera e Torre de\u2019 Negri, vede in questa ottica comunitaria la visita che Papa Leone XIV far\u00e0 a Pavia sabato 20 giugno. Un momento molto atteso che rilancia anche percorsi di spiritualit\u00e0 nel segno di Sant\u2019Agostino. Quale significato assume per la &hellip; Continue reading Il Santo Padre a Pavia, don Roberto Belloni: \u201cSar\u00e0 un segno concreto di unit\u00e0\u201d &raquo;","og_url":"https:\/\/www.diocesi.pavia.it\/ilpapaapavia\/2026\/04\/17\/il-santo-padre-a-pavia-don-roberto-belloni-sara-un-segno-concreto-di-unita\/","og_site_name":"Papa Leone a Pavia","article_published_time":"2026-04-17T13:34:01+00:00","og_image":[{"width":359,"height":494,"url":"https:\/\/www.diocesi.pavia.it\/ilpapaapavia\/wp-content\/uploads\/sites\/7\/2026\/04\/Screenshot-2026-04-17-153933.png","type":"image\/png"}],"author":"lorenzoventurini","twitter_card":"summary_large_image","twitter_misc":{"Scritto da":"lorenzoventurini","Tempo di lettura stimato":"3 minuti"},"schema":{"@context":"https:\/\/schema.org","@graph":[{"@type":"Article","@id":"https:\/\/www.diocesi.pavia.it\/ilpapaapavia\/2026\/04\/17\/il-santo-padre-a-pavia-don-roberto-belloni-sara-un-segno-concreto-di-unita\/#article","isPartOf":{"@id":"https:\/\/www.diocesi.pavia.it\/ilpapaapavia\/2026\/04\/17\/il-santo-padre-a-pavia-don-roberto-belloni-sara-un-segno-concreto-di-unita\/"},"author":{"name":"lorenzoventurini","@id":"https:\/\/www.diocesi.pavia.it\/ilpapaapavia\/#\/schema\/person\/0b3e08b619d1bb14527693762fdb0a33"},"headline":"Il Santo Padre a Pavia, don Roberto Belloni: \u201cSar\u00e0 un segno concreto di unit\u00e0\u201d","datePublished":"2026-04-17T13:34:01+00:00","mainEntityOfPage":{"@id":"https:\/\/www.diocesi.pavia.it\/ilpapaapavia\/2026\/04\/17\/il-santo-padre-a-pavia-don-roberto-belloni-sara-un-segno-concreto-di-unita\/"},"wordCount":445,"publisher":{"@id":"https:\/\/www.diocesi.pavia.it\/ilpapaapavia\/#organization"},"image":{"@id":"https:\/\/www.diocesi.pavia.it\/ilpapaapavia\/2026\/04\/17\/il-santo-padre-a-pavia-don-roberto-belloni-sara-un-segno-concreto-di-unita\/#primaryimage"},"thumbnailUrl":"https:\/\/www.diocesi.pavia.it\/ilpapaapavia\/wp-content\/uploads\/sites\/7\/2026\/04\/Screenshot-2026-04-17-153933.png","articleSection":["ticino"],"inLanguage":"it-IT"},{"@type":"WebPage","@id":"https:\/\/www.diocesi.pavia.it\/ilpapaapavia\/2026\/04\/17\/il-santo-padre-a-pavia-don-roberto-belloni-sara-un-segno-concreto-di-unita\/","url":"https:\/\/www.diocesi.pavia.it\/ilpapaapavia\/2026\/04\/17\/il-santo-padre-a-pavia-don-roberto-belloni-sara-un-segno-concreto-di-unita\/","name":"Il Santo Padre a Pavia, don Roberto Belloni: \u201cSar\u00e0 un segno concreto di unit\u00e0\u201d - Papa Leone a Pavia","isPartOf":{"@id":"https:\/\/www.diocesi.pavia.it\/ilpapaapavia\/#website"},"primaryImageOfPage":{"@id":"https:\/\/www.diocesi.pavia.it\/ilpapaapavia\/2026\/04\/17\/il-santo-padre-a-pavia-don-roberto-belloni-sara-un-segno-concreto-di-unita\/#primaryimage"},"image":{"@id":"https:\/\/www.diocesi.pavia.it\/ilpapaapavia\/2026\/04\/17\/il-santo-padre-a-pavia-don-roberto-belloni-sara-un-segno-concreto-di-unita\/#primaryimage"},"thumbnailUrl":"https:\/\/www.diocesi.pavia.it\/ilpapaapavia\/wp-content\/uploads\/sites\/7\/2026\/04\/Screenshot-2026-04-17-153933.png","datePublished":"2026-04-17T13:34:01+00:00","breadcrumb":{"@id":"https:\/\/www.diocesi.pavia.it\/ilpapaapavia\/2026\/04\/17\/il-santo-padre-a-pavia-don-roberto-belloni-sara-un-segno-concreto-di-unita\/#breadcrumb"},"inLanguage":"it-IT","potentialAction":[{"@type":"ReadAction","target":["https:\/\/www.diocesi.pavia.it\/ilpapaapavia\/2026\/04\/17\/il-santo-padre-a-pavia-don-roberto-belloni-sara-un-segno-concreto-di-unita\/"]}]},{"@type":"ImageObject","inLanguage":"it-IT","@id":"https:\/\/www.diocesi.pavia.it\/ilpapaapavia\/2026\/04\/17\/il-santo-padre-a-pavia-don-roberto-belloni-sara-un-segno-concreto-di-unita\/#primaryimage","url":"https:\/\/www.diocesi.pavia.it\/ilpapaapavia\/wp-content\/uploads\/sites\/7\/2026\/04\/Screenshot-2026-04-17-153933.png","contentUrl":"https:\/\/www.diocesi.pavia.it\/ilpapaapavia\/wp-content\/uploads\/sites\/7\/2026\/04\/Screenshot-2026-04-17-153933.png","width":359,"height":494},{"@type":"BreadcrumbList","@id":"https:\/\/www.diocesi.pavia.it\/ilpapaapavia\/2026\/04\/17\/il-santo-padre-a-pavia-don-roberto-belloni-sara-un-segno-concreto-di-unita\/#breadcrumb","itemListElement":[{"@type":"ListItem","position":1,"name":"Home","item":"https:\/\/www.diocesi.pavia.it\/ilpapaapavia\/"},{"@type":"ListItem","position":2,"name":"Il Santo Padre a Pavia, don Roberto Belloni: \u201cSar\u00e0 un segno concreto di unit\u00e0\u201d"}]},{"@type":"WebSite","@id":"https:\/\/www.diocesi.pavia.it\/ilpapaapavia\/#website","url":"https:\/\/www.diocesi.pavia.it\/ilpapaapavia\/","name":"Papa Leone a Pavia","description":"Diocesi di Pavia","publisher":{"@id":"https:\/\/www.diocesi.pavia.it\/ilpapaapavia\/#organization"},"potentialAction":[{"@type":"SearchAction","target":{"@type":"EntryPoint","urlTemplate":"https:\/\/www.diocesi.pavia.it\/ilpapaapavia\/?s={search_term_string}"},"query-input":{"@type":"PropertyValueSpecification","valueRequired":true,"valueName":"search_term_string"}}],"inLanguage":"it-IT"},{"@type":"Organization","@id":"https:\/\/www.diocesi.pavia.it\/ilpapaapavia\/#organization","name":"Papa Leone a Pavia","url":"https:\/\/www.diocesi.pavia.it\/ilpapaapavia\/","logo":{"@type":"ImageObject","inLanguage":"it-IT","@id":"https:\/\/www.diocesi.pavia.it\/ilpapaapavia\/#\/schema\/logo\/image\/","url":"https:\/\/www.diocesi.pavia.it\/ilpapaapavia\/wp-content\/uploads\/sites\/7\/2026\/03\/logo_diocesi_papa-1.png","contentUrl":"https:\/\/www.diocesi.pavia.it\/ilpapaapavia\/wp-content\/uploads\/sites\/7\/2026\/03\/logo_diocesi_papa-1.png","width":216,"height":108,"caption":"Papa Leone a Pavia"},"image":{"@id":"https:\/\/www.diocesi.pavia.it\/ilpapaapavia\/#\/schema\/logo\/image\/"}}]}},"_links":{"self":[{"href":"https:\/\/www.diocesi.pavia.it\/ilpapaapavia\/wp-json\/wp\/v2\/posts\/3472","targetHints":{"allow":["GET"]}}],"collection":[{"href":"https:\/\/www.diocesi.pavia.it\/ilpapaapavia\/wp-json\/wp\/v2\/posts"}],"about":[{"href":"https:\/\/www.diocesi.pavia.it\/ilpapaapavia\/wp-json\/wp\/v2\/types\/post"}],"author":[{"embeddable":true,"href":"https:\/\/www.diocesi.pavia.it\/ilpapaapavia\/wp-json\/wp\/v2\/users\/3"}],"replies":[{"embeddable":true,"href":"https:\/\/www.diocesi.pavia.it\/ilpapaapavia\/wp-json\/wp\/v2\/comments?post=3472"}],"version-history":[{"count":1,"href":"https:\/\/www.diocesi.pavia.it\/ilpapaapavia\/wp-json\/wp\/v2\/posts\/3472\/revisions"}],"predecessor-version":[{"id":3475,"href":"https:\/\/www.diocesi.pavia.it\/ilpapaapavia\/wp-json\/wp\/v2\/posts\/3472\/revisions\/3475"}],"wp:featuredmedia":[{"embeddable":true,"href":"https:\/\/www.diocesi.pavia.it\/ilpapaapavia\/wp-json\/wp\/v2\/media\/3474"}],"wp:attachment":[{"href":"https:\/\/www.diocesi.pavia.it\/ilpapaapavia\/wp-json\/wp\/v2\/media?parent=3472"}],"wp:term":[{"taxonomy":"category","embeddable":true,"href":"https:\/\/www.diocesi.pavia.it\/ilpapaapavia\/wp-json\/wp\/v2\/categories?post=3472"},{"taxonomy":"post_tag","embeddable":true,"href":"https:\/\/www.diocesi.pavia.it\/ilpapaapavia\/wp-json\/wp\/v2\/tags?post=3472"}],"curies":[{"name":"wp","href":"https:\/\/api.w.org\/{rel}","templated":true}]}}