{"id":3469,"date":"2026-04-17T15:31:09","date_gmt":"2026-04-17T13:31:09","guid":{"rendered":"https:\/\/www.diocesi.pavia.it\/ilpapaapavia\/?p=3469"},"modified":"2026-04-17T15:31:09","modified_gmt":"2026-04-17T13:31:09","slug":"tardi-tamai-un-canto-che-attraversa-il-tempo-tra-agostino-padre-baldoni-e-lattesa-del-papa","status":"publish","type":"post","link":"https:\/\/www.diocesi.pavia.it\/ilpapaapavia\/2026\/04\/17\/tardi-tamai-un-canto-che-attraversa-il-tempo-tra-agostino-padre-baldoni-e-lattesa-del-papa\/","title":{"rendered":"\u201cTardi t\u2019amai\u201d: un canto che attraversa il tempo tra Agostino, padre Baldoni e l\u2019attesa del Papa"},"content":{"rendered":"<p>C\u2019\u00e8 una linea discreta ma continua che collega il pensiero di Sant\u2019Agostino, una melodia nata quasi per intuizione e l\u2019attesa per la visita di Papa Leone XIV a Pavia. \u00c8 il filo di \u201cTardi t\u2019amai\u201d, il canto agostiniano che, a distanza di oltre quarant\u2019anni, continua a essere eseguito e riconosciuto come uno dei segni pi\u00f9 vivi di quella tradizione. A dare forma musicale a uno dei passaggi pi\u00f9 intensi delle \u201cConfessioni\u201d \u00e8 stato padre Antonio Baldoni. All\u2019inizio degli anni ottanta, durante il periodo di studio a Roma, il religioso trasforma le parole di Agostino in una composizione essenziale, nata non da un progetto accademico ma da un gesto spontaneo, quasi necessario. Da l\u00ec, il brano ha iniziato a circolare nelle comunit\u00e0 agostiniane, diffondendosi ben oltre il contesto originario. Oggi quel canto \u00e8 entrato stabilmente nella pratica liturgica e nella devozione, tradotto in diverse lingue e cantato in molte parti del mondo. Una diffusione che, come lo stesso Baldoni suggerisce, non \u00e8 casuale. \u201c<em>Mi sembrava allora, come adesso, che il pensiero di Agostino dovesse essere reso pi\u00f9 accessibile<\/em>\u201d, spiega. Non solo con questo brano, ma con un percorso pi\u00f9 ampio: \u201c<em>Ne ho fatti diversi, sui testi di Agostino, perch\u00e9 mi pareva importante che quelle parole arrivassero<\/em>\u201d. Alla base c\u2019\u00e8 anche un\u2019intuizione semplice: la musica come memoria. \u201c<em>Quando ero giovane facevo fatica anch\u2019io a leggere Agostino, \u00e8 vissuto secoli fa\u2026 Per\u00f2 mi \u00e8 capitato di capire che tutto quello che viene messo in musica, per un prodigio particolare, si imprime nella memoria<\/em>\u201d. \u00c8 questo il punto che trasforma un testo complesso in qualcosa di condivisibile, capace di restare. Non \u00e8 un caso che padre Baldoni richiami un episodio preciso: \u201c<em>Durante un anniversario agostiniano, tra incontri e libri, una cosa che \u00e8 rimasta davvero \u00e8 stato un canto<\/em>\u201d. Da qui la convinzione: \u201c<em>Mi sono detto che era una buona cosa, un buon medium, continuare su questa strada<\/em>\u201d. Accanto a \u201cTardi t\u2019amai\u201d, padre Antonio ha proseguito nel tempo questo lavoro, arrivando anche a composizioni pi\u00f9 recenti. \u201c<em>L\u2019ultima si intitola \u2018L\u2019amore \u00e8 tutto<\/em>\u2019\u201d, racconta, richiamando uno dei nuclei pi\u00f9 profondi del pensiero agostiniano: \u201c<em>Quando correggi, correggi per amore, quando parli, parli per amore, quando stai zitto, stai zitto per amore<\/em>\u201d. In questo contesto si inserisce l\u2019attesa per la visita del Papa, prevista nei prossimi mesi proprio a Pavia. Un evento che riporta al centro Agostino, ma anche le forme attraverso cui il suo pensiero continua a circolare. E mentre cresce l\u2019attenzione per l\u2019arrivo del Pontefice, lo stesso Baldoni mantiene uno sguardo sobrio: \u201c<em>Non sta a me decidere\u2026 per\u00f2 il luogo, l\u2019occasione, l\u2019ambiente sembrano quelli giusti per far risuonare questo canto<\/em>\u201d. Cos\u00ec, senza enfasi, \u201cTardi t\u2019amai\u201d continua il suo percorso. Una traccia concreta della tradizione agostiniana, capace ancora oggi di tenere insieme voci diverse attorno a una stessa domanda.<\/p>\n<p><em>Laura Rossi<\/em><\/p>\n<p>[<a href=\"https:\/\/www.diocesi.pavia.it\/ilpapaapavia\/wp-content\/uploads\/sites\/7\/2026\/04\/14.pdf\">il Ticino 17 aprile 2026<\/a>]<\/p>\n","protected":false},"excerpt":{"rendered":"<p>C\u2019\u00e8 una linea discreta ma continua che collega il pensiero di Sant\u2019Agostino, una melodia nata quasi per intuizione e l\u2019attesa per la visita di Papa Leone XIV a Pavia. \u00c8 il filo di \u201cTardi t\u2019amai\u201d, il canto agostiniano che, a distanza di oltre quarant\u2019anni, continua a essere eseguito e riconosciuto come uno dei segni pi\u00f9 vivi di quella tradizione. A dare forma musicale a uno &hellip; <a href=\"https:\/\/www.diocesi.pavia.it\/ilpapaapavia\/2026\/04\/17\/tardi-tamai-un-canto-che-attraversa-il-tempo-tra-agostino-padre-baldoni-e-lattesa-del-papa\/\" class=\"more-link\">Continue reading <span class=\"screen-reader-text\">\u201cTardi t\u2019amai\u201d: un canto che attraversa il tempo tra Agostino, padre Baldoni e l\u2019attesa del Papa<\/span> <span class=\"meta-nav\">&raquo;<\/span><\/a><\/p>\n","protected":false},"author":3,"featured_media":3470,"comment_status":"closed","ping_status":"closed","sticky":false,"template":"","format":"standard","meta":{"_acf_changed":false,"ip_address":"","user_agent":"","level":"","revision":"","cookie_id":"","page_referer":"","html_form":"","footnotes":""},"categories":[188],"tags":[],"class_list":["post-3469","post","type-post","status-publish","format-standard","has-post-thumbnail","hentry","category-ticino"],"acf":[],"yoast_head":"<!-- This site is optimized with the Yoast SEO plugin v27.4 - https:\/\/yoast.com\/product\/yoast-seo-wordpress\/ -->\n<title>\u201cTardi t\u2019amai\u201d: un canto che attraversa il tempo tra Agostino, padre Baldoni e l\u2019attesa del Papa - Papa Leone a Pavia<\/title>\n<meta name=\"robots\" content=\"index, follow, max-snippet:-1, max-image-preview:large, max-video-preview:-1\" \/>\n<link rel=\"canonical\" href=\"https:\/\/www.diocesi.pavia.it\/ilpapaapavia\/2026\/04\/17\/tardi-tamai-un-canto-che-attraversa-il-tempo-tra-agostino-padre-baldoni-e-lattesa-del-papa\/\" \/>\n<meta property=\"og:locale\" content=\"it_IT\" \/>\n<meta property=\"og:type\" content=\"article\" \/>\n<meta property=\"og:title\" content=\"\u201cTardi t\u2019amai\u201d: un canto che attraversa il tempo tra Agostino, padre Baldoni e l\u2019attesa del Papa - Papa Leone a Pavia\" \/>\n<meta property=\"og:description\" content=\"C\u2019\u00e8 una linea discreta ma continua che collega il pensiero di Sant\u2019Agostino, una melodia nata quasi per intuizione e l\u2019attesa per la visita di Papa Leone XIV a Pavia. \u00c8 il filo di \u201cTardi t\u2019amai\u201d, il canto agostiniano che, a distanza di oltre quarant\u2019anni, continua a essere eseguito e riconosciuto come uno dei segni pi\u00f9 vivi di quella tradizione. A dare forma musicale a uno &hellip; Continue reading \u201cTardi t\u2019amai\u201d: un canto che attraversa il tempo tra Agostino, padre Baldoni e l\u2019attesa del Papa &raquo;\" \/>\n<meta property=\"og:url\" content=\"https:\/\/www.diocesi.pavia.it\/ilpapaapavia\/2026\/04\/17\/tardi-tamai-un-canto-che-attraversa-il-tempo-tra-agostino-padre-baldoni-e-lattesa-del-papa\/\" \/>\n<meta property=\"og:site_name\" content=\"Papa Leone a Pavia\" \/>\n<meta property=\"article:published_time\" content=\"2026-04-17T13:31:09+00:00\" \/>\n<meta property=\"og:image\" content=\"https:\/\/www.diocesi.pavia.it\/ilpapaapavia\/wp-content\/uploads\/sites\/7\/2026\/04\/Screenshot-2026-04-17-153443.png\" \/>\n\t<meta property=\"og:image:width\" content=\"879\" \/>\n\t<meta property=\"og:image:height\" content=\"590\" \/>\n\t<meta property=\"og:image:type\" content=\"image\/png\" \/>\n<meta name=\"author\" content=\"lorenzoventurini\" \/>\n<meta name=\"twitter:card\" content=\"summary_large_image\" \/>\n<meta name=\"twitter:label1\" content=\"Scritto da\" \/>\n\t<meta name=\"twitter:data1\" content=\"lorenzoventurini\" \/>\n\t<meta name=\"twitter:label2\" content=\"Tempo di lettura stimato\" \/>\n\t<meta name=\"twitter:data2\" content=\"3 minuti\" \/>\n<script type=\"application\/ld+json\" class=\"yoast-schema-graph\">{\"@context\":\"https:\\\/\\\/schema.org\",\"@graph\":[{\"@type\":\"Article\",\"@id\":\"https:\\\/\\\/www.diocesi.pavia.it\\\/ilpapaapavia\\\/2026\\\/04\\\/17\\\/tardi-tamai-un-canto-che-attraversa-il-tempo-tra-agostino-padre-baldoni-e-lattesa-del-papa\\\/#article\",\"isPartOf\":{\"@id\":\"https:\\\/\\\/www.diocesi.pavia.it\\\/ilpapaapavia\\\/2026\\\/04\\\/17\\\/tardi-tamai-un-canto-che-attraversa-il-tempo-tra-agostino-padre-baldoni-e-lattesa-del-papa\\\/\"},\"author\":{\"name\":\"lorenzoventurini\",\"@id\":\"https:\\\/\\\/www.diocesi.pavia.it\\\/ilpapaapavia\\\/#\\\/schema\\\/person\\\/0b3e08b619d1bb14527693762fdb0a33\"},\"headline\":\"\u201cTardi t\u2019amai\u201d: un canto che attraversa il tempo tra Agostino, padre Baldoni e l\u2019attesa del Papa\",\"datePublished\":\"2026-04-17T13:31:09+00:00\",\"mainEntityOfPage\":{\"@id\":\"https:\\\/\\\/www.diocesi.pavia.it\\\/ilpapaapavia\\\/2026\\\/04\\\/17\\\/tardi-tamai-un-canto-che-attraversa-il-tempo-tra-agostino-padre-baldoni-e-lattesa-del-papa\\\/\"},\"wordCount\":491,\"publisher\":{\"@id\":\"https:\\\/\\\/www.diocesi.pavia.it\\\/ilpapaapavia\\\/#organization\"},\"image\":{\"@id\":\"https:\\\/\\\/www.diocesi.pavia.it\\\/ilpapaapavia\\\/2026\\\/04\\\/17\\\/tardi-tamai-un-canto-che-attraversa-il-tempo-tra-agostino-padre-baldoni-e-lattesa-del-papa\\\/#primaryimage\"},\"thumbnailUrl\":\"https:\\\/\\\/www.diocesi.pavia.it\\\/ilpapaapavia\\\/wp-content\\\/uploads\\\/sites\\\/7\\\/2026\\\/04\\\/Screenshot-2026-04-17-153443.png\",\"articleSection\":[\"ticino\"],\"inLanguage\":\"it-IT\"},{\"@type\":\"WebPage\",\"@id\":\"https:\\\/\\\/www.diocesi.pavia.it\\\/ilpapaapavia\\\/2026\\\/04\\\/17\\\/tardi-tamai-un-canto-che-attraversa-il-tempo-tra-agostino-padre-baldoni-e-lattesa-del-papa\\\/\",\"url\":\"https:\\\/\\\/www.diocesi.pavia.it\\\/ilpapaapavia\\\/2026\\\/04\\\/17\\\/tardi-tamai-un-canto-che-attraversa-il-tempo-tra-agostino-padre-baldoni-e-lattesa-del-papa\\\/\",\"name\":\"\u201cTardi t\u2019amai\u201d: un canto che attraversa il tempo tra Agostino, padre Baldoni e l\u2019attesa del Papa - Papa Leone a Pavia\",\"isPartOf\":{\"@id\":\"https:\\\/\\\/www.diocesi.pavia.it\\\/ilpapaapavia\\\/#website\"},\"primaryImageOfPage\":{\"@id\":\"https:\\\/\\\/www.diocesi.pavia.it\\\/ilpapaapavia\\\/2026\\\/04\\\/17\\\/tardi-tamai-un-canto-che-attraversa-il-tempo-tra-agostino-padre-baldoni-e-lattesa-del-papa\\\/#primaryimage\"},\"image\":{\"@id\":\"https:\\\/\\\/www.diocesi.pavia.it\\\/ilpapaapavia\\\/2026\\\/04\\\/17\\\/tardi-tamai-un-canto-che-attraversa-il-tempo-tra-agostino-padre-baldoni-e-lattesa-del-papa\\\/#primaryimage\"},\"thumbnailUrl\":\"https:\\\/\\\/www.diocesi.pavia.it\\\/ilpapaapavia\\\/wp-content\\\/uploads\\\/sites\\\/7\\\/2026\\\/04\\\/Screenshot-2026-04-17-153443.png\",\"datePublished\":\"2026-04-17T13:31:09+00:00\",\"breadcrumb\":{\"@id\":\"https:\\\/\\\/www.diocesi.pavia.it\\\/ilpapaapavia\\\/2026\\\/04\\\/17\\\/tardi-tamai-un-canto-che-attraversa-il-tempo-tra-agostino-padre-baldoni-e-lattesa-del-papa\\\/#breadcrumb\"},\"inLanguage\":\"it-IT\",\"potentialAction\":[{\"@type\":\"ReadAction\",\"target\":[\"https:\\\/\\\/www.diocesi.pavia.it\\\/ilpapaapavia\\\/2026\\\/04\\\/17\\\/tardi-tamai-un-canto-che-attraversa-il-tempo-tra-agostino-padre-baldoni-e-lattesa-del-papa\\\/\"]}]},{\"@type\":\"ImageObject\",\"inLanguage\":\"it-IT\",\"@id\":\"https:\\\/\\\/www.diocesi.pavia.it\\\/ilpapaapavia\\\/2026\\\/04\\\/17\\\/tardi-tamai-un-canto-che-attraversa-il-tempo-tra-agostino-padre-baldoni-e-lattesa-del-papa\\\/#primaryimage\",\"url\":\"https:\\\/\\\/www.diocesi.pavia.it\\\/ilpapaapavia\\\/wp-content\\\/uploads\\\/sites\\\/7\\\/2026\\\/04\\\/Screenshot-2026-04-17-153443.png\",\"contentUrl\":\"https:\\\/\\\/www.diocesi.pavia.it\\\/ilpapaapavia\\\/wp-content\\\/uploads\\\/sites\\\/7\\\/2026\\\/04\\\/Screenshot-2026-04-17-153443.png\",\"width\":879,\"height\":590},{\"@type\":\"BreadcrumbList\",\"@id\":\"https:\\\/\\\/www.diocesi.pavia.it\\\/ilpapaapavia\\\/2026\\\/04\\\/17\\\/tardi-tamai-un-canto-che-attraversa-il-tempo-tra-agostino-padre-baldoni-e-lattesa-del-papa\\\/#breadcrumb\",\"itemListElement\":[{\"@type\":\"ListItem\",\"position\":1,\"name\":\"Home\",\"item\":\"https:\\\/\\\/www.diocesi.pavia.it\\\/ilpapaapavia\\\/\"},{\"@type\":\"ListItem\",\"position\":2,\"name\":\"\u201cTardi t\u2019amai\u201d: un canto che attraversa il tempo tra Agostino, padre Baldoni e l\u2019attesa del Papa\"}]},{\"@type\":\"WebSite\",\"@id\":\"https:\\\/\\\/www.diocesi.pavia.it\\\/ilpapaapavia\\\/#website\",\"url\":\"https:\\\/\\\/www.diocesi.pavia.it\\\/ilpapaapavia\\\/\",\"name\":\"Papa Leone a Pavia\",\"description\":\"Diocesi di Pavia\",\"publisher\":{\"@id\":\"https:\\\/\\\/www.diocesi.pavia.it\\\/ilpapaapavia\\\/#organization\"},\"potentialAction\":[{\"@type\":\"SearchAction\",\"target\":{\"@type\":\"EntryPoint\",\"urlTemplate\":\"https:\\\/\\\/www.diocesi.pavia.it\\\/ilpapaapavia\\\/?s={search_term_string}\"},\"query-input\":{\"@type\":\"PropertyValueSpecification\",\"valueRequired\":true,\"valueName\":\"search_term_string\"}}],\"inLanguage\":\"it-IT\"},{\"@type\":\"Organization\",\"@id\":\"https:\\\/\\\/www.diocesi.pavia.it\\\/ilpapaapavia\\\/#organization\",\"name\":\"Papa Leone a Pavia\",\"url\":\"https:\\\/\\\/www.diocesi.pavia.it\\\/ilpapaapavia\\\/\",\"logo\":{\"@type\":\"ImageObject\",\"inLanguage\":\"it-IT\",\"@id\":\"https:\\\/\\\/www.diocesi.pavia.it\\\/ilpapaapavia\\\/#\\\/schema\\\/logo\\\/image\\\/\",\"url\":\"https:\\\/\\\/www.diocesi.pavia.it\\\/ilpapaapavia\\\/wp-content\\\/uploads\\\/sites\\\/7\\\/2026\\\/03\\\/logo_diocesi_papa-1.png\",\"contentUrl\":\"https:\\\/\\\/www.diocesi.pavia.it\\\/ilpapaapavia\\\/wp-content\\\/uploads\\\/sites\\\/7\\\/2026\\\/03\\\/logo_diocesi_papa-1.png\",\"width\":216,\"height\":108,\"caption\":\"Papa Leone a Pavia\"},\"image\":{\"@id\":\"https:\\\/\\\/www.diocesi.pavia.it\\\/ilpapaapavia\\\/#\\\/schema\\\/logo\\\/image\\\/\"}}]}<\/script>\n<!-- \/ Yoast SEO plugin. -->","yoast_head_json":{"title":"\u201cTardi t\u2019amai\u201d: un canto che attraversa il tempo tra Agostino, padre Baldoni e l\u2019attesa del Papa - Papa Leone a Pavia","robots":{"index":"index","follow":"follow","max-snippet":"max-snippet:-1","max-image-preview":"max-image-preview:large","max-video-preview":"max-video-preview:-1"},"canonical":"https:\/\/www.diocesi.pavia.it\/ilpapaapavia\/2026\/04\/17\/tardi-tamai-un-canto-che-attraversa-il-tempo-tra-agostino-padre-baldoni-e-lattesa-del-papa\/","og_locale":"it_IT","og_type":"article","og_title":"\u201cTardi t\u2019amai\u201d: un canto che attraversa il tempo tra Agostino, padre Baldoni e l\u2019attesa del Papa - Papa Leone a Pavia","og_description":"C\u2019\u00e8 una linea discreta ma continua che collega il pensiero di Sant\u2019Agostino, una melodia nata quasi per intuizione e l\u2019attesa per la visita di Papa Leone XIV a Pavia. \u00c8 il filo di \u201cTardi t\u2019amai\u201d, il canto agostiniano che, a distanza di oltre quarant\u2019anni, continua a essere eseguito e riconosciuto come uno dei segni pi\u00f9 vivi di quella tradizione. A dare forma musicale a uno &hellip; Continue reading \u201cTardi t\u2019amai\u201d: un canto che attraversa il tempo tra Agostino, padre Baldoni e l\u2019attesa del Papa &raquo;","og_url":"https:\/\/www.diocesi.pavia.it\/ilpapaapavia\/2026\/04\/17\/tardi-tamai-un-canto-che-attraversa-il-tempo-tra-agostino-padre-baldoni-e-lattesa-del-papa\/","og_site_name":"Papa Leone a Pavia","article_published_time":"2026-04-17T13:31:09+00:00","og_image":[{"width":879,"height":590,"url":"https:\/\/www.diocesi.pavia.it\/ilpapaapavia\/wp-content\/uploads\/sites\/7\/2026\/04\/Screenshot-2026-04-17-153443.png","type":"image\/png"}],"author":"lorenzoventurini","twitter_card":"summary_large_image","twitter_misc":{"Scritto da":"lorenzoventurini","Tempo di lettura stimato":"3 minuti"},"schema":{"@context":"https:\/\/schema.org","@graph":[{"@type":"Article","@id":"https:\/\/www.diocesi.pavia.it\/ilpapaapavia\/2026\/04\/17\/tardi-tamai-un-canto-che-attraversa-il-tempo-tra-agostino-padre-baldoni-e-lattesa-del-papa\/#article","isPartOf":{"@id":"https:\/\/www.diocesi.pavia.it\/ilpapaapavia\/2026\/04\/17\/tardi-tamai-un-canto-che-attraversa-il-tempo-tra-agostino-padre-baldoni-e-lattesa-del-papa\/"},"author":{"name":"lorenzoventurini","@id":"https:\/\/www.diocesi.pavia.it\/ilpapaapavia\/#\/schema\/person\/0b3e08b619d1bb14527693762fdb0a33"},"headline":"\u201cTardi t\u2019amai\u201d: un canto che attraversa il tempo tra Agostino, padre Baldoni e l\u2019attesa del Papa","datePublished":"2026-04-17T13:31:09+00:00","mainEntityOfPage":{"@id":"https:\/\/www.diocesi.pavia.it\/ilpapaapavia\/2026\/04\/17\/tardi-tamai-un-canto-che-attraversa-il-tempo-tra-agostino-padre-baldoni-e-lattesa-del-papa\/"},"wordCount":491,"publisher":{"@id":"https:\/\/www.diocesi.pavia.it\/ilpapaapavia\/#organization"},"image":{"@id":"https:\/\/www.diocesi.pavia.it\/ilpapaapavia\/2026\/04\/17\/tardi-tamai-un-canto-che-attraversa-il-tempo-tra-agostino-padre-baldoni-e-lattesa-del-papa\/#primaryimage"},"thumbnailUrl":"https:\/\/www.diocesi.pavia.it\/ilpapaapavia\/wp-content\/uploads\/sites\/7\/2026\/04\/Screenshot-2026-04-17-153443.png","articleSection":["ticino"],"inLanguage":"it-IT"},{"@type":"WebPage","@id":"https:\/\/www.diocesi.pavia.it\/ilpapaapavia\/2026\/04\/17\/tardi-tamai-un-canto-che-attraversa-il-tempo-tra-agostino-padre-baldoni-e-lattesa-del-papa\/","url":"https:\/\/www.diocesi.pavia.it\/ilpapaapavia\/2026\/04\/17\/tardi-tamai-un-canto-che-attraversa-il-tempo-tra-agostino-padre-baldoni-e-lattesa-del-papa\/","name":"\u201cTardi t\u2019amai\u201d: un canto che attraversa il tempo tra Agostino, padre Baldoni e l\u2019attesa del Papa - Papa Leone a Pavia","isPartOf":{"@id":"https:\/\/www.diocesi.pavia.it\/ilpapaapavia\/#website"},"primaryImageOfPage":{"@id":"https:\/\/www.diocesi.pavia.it\/ilpapaapavia\/2026\/04\/17\/tardi-tamai-un-canto-che-attraversa-il-tempo-tra-agostino-padre-baldoni-e-lattesa-del-papa\/#primaryimage"},"image":{"@id":"https:\/\/www.diocesi.pavia.it\/ilpapaapavia\/2026\/04\/17\/tardi-tamai-un-canto-che-attraversa-il-tempo-tra-agostino-padre-baldoni-e-lattesa-del-papa\/#primaryimage"},"thumbnailUrl":"https:\/\/www.diocesi.pavia.it\/ilpapaapavia\/wp-content\/uploads\/sites\/7\/2026\/04\/Screenshot-2026-04-17-153443.png","datePublished":"2026-04-17T13:31:09+00:00","breadcrumb":{"@id":"https:\/\/www.diocesi.pavia.it\/ilpapaapavia\/2026\/04\/17\/tardi-tamai-un-canto-che-attraversa-il-tempo-tra-agostino-padre-baldoni-e-lattesa-del-papa\/#breadcrumb"},"inLanguage":"it-IT","potentialAction":[{"@type":"ReadAction","target":["https:\/\/www.diocesi.pavia.it\/ilpapaapavia\/2026\/04\/17\/tardi-tamai-un-canto-che-attraversa-il-tempo-tra-agostino-padre-baldoni-e-lattesa-del-papa\/"]}]},{"@type":"ImageObject","inLanguage":"it-IT","@id":"https:\/\/www.diocesi.pavia.it\/ilpapaapavia\/2026\/04\/17\/tardi-tamai-un-canto-che-attraversa-il-tempo-tra-agostino-padre-baldoni-e-lattesa-del-papa\/#primaryimage","url":"https:\/\/www.diocesi.pavia.it\/ilpapaapavia\/wp-content\/uploads\/sites\/7\/2026\/04\/Screenshot-2026-04-17-153443.png","contentUrl":"https:\/\/www.diocesi.pavia.it\/ilpapaapavia\/wp-content\/uploads\/sites\/7\/2026\/04\/Screenshot-2026-04-17-153443.png","width":879,"height":590},{"@type":"BreadcrumbList","@id":"https:\/\/www.diocesi.pavia.it\/ilpapaapavia\/2026\/04\/17\/tardi-tamai-un-canto-che-attraversa-il-tempo-tra-agostino-padre-baldoni-e-lattesa-del-papa\/#breadcrumb","itemListElement":[{"@type":"ListItem","position":1,"name":"Home","item":"https:\/\/www.diocesi.pavia.it\/ilpapaapavia\/"},{"@type":"ListItem","position":2,"name":"\u201cTardi t\u2019amai\u201d: un canto che attraversa il tempo tra Agostino, padre Baldoni e l\u2019attesa del Papa"}]},{"@type":"WebSite","@id":"https:\/\/www.diocesi.pavia.it\/ilpapaapavia\/#website","url":"https:\/\/www.diocesi.pavia.it\/ilpapaapavia\/","name":"Papa Leone a Pavia","description":"Diocesi di Pavia","publisher":{"@id":"https:\/\/www.diocesi.pavia.it\/ilpapaapavia\/#organization"},"potentialAction":[{"@type":"SearchAction","target":{"@type":"EntryPoint","urlTemplate":"https:\/\/www.diocesi.pavia.it\/ilpapaapavia\/?s={search_term_string}"},"query-input":{"@type":"PropertyValueSpecification","valueRequired":true,"valueName":"search_term_string"}}],"inLanguage":"it-IT"},{"@type":"Organization","@id":"https:\/\/www.diocesi.pavia.it\/ilpapaapavia\/#organization","name":"Papa Leone a Pavia","url":"https:\/\/www.diocesi.pavia.it\/ilpapaapavia\/","logo":{"@type":"ImageObject","inLanguage":"it-IT","@id":"https:\/\/www.diocesi.pavia.it\/ilpapaapavia\/#\/schema\/logo\/image\/","url":"https:\/\/www.diocesi.pavia.it\/ilpapaapavia\/wp-content\/uploads\/sites\/7\/2026\/03\/logo_diocesi_papa-1.png","contentUrl":"https:\/\/www.diocesi.pavia.it\/ilpapaapavia\/wp-content\/uploads\/sites\/7\/2026\/03\/logo_diocesi_papa-1.png","width":216,"height":108,"caption":"Papa Leone a Pavia"},"image":{"@id":"https:\/\/www.diocesi.pavia.it\/ilpapaapavia\/#\/schema\/logo\/image\/"}}]}},"_links":{"self":[{"href":"https:\/\/www.diocesi.pavia.it\/ilpapaapavia\/wp-json\/wp\/v2\/posts\/3469","targetHints":{"allow":["GET"]}}],"collection":[{"href":"https:\/\/www.diocesi.pavia.it\/ilpapaapavia\/wp-json\/wp\/v2\/posts"}],"about":[{"href":"https:\/\/www.diocesi.pavia.it\/ilpapaapavia\/wp-json\/wp\/v2\/types\/post"}],"author":[{"embeddable":true,"href":"https:\/\/www.diocesi.pavia.it\/ilpapaapavia\/wp-json\/wp\/v2\/users\/3"}],"replies":[{"embeddable":true,"href":"https:\/\/www.diocesi.pavia.it\/ilpapaapavia\/wp-json\/wp\/v2\/comments?post=3469"}],"version-history":[{"count":1,"href":"https:\/\/www.diocesi.pavia.it\/ilpapaapavia\/wp-json\/wp\/v2\/posts\/3469\/revisions"}],"predecessor-version":[{"id":3471,"href":"https:\/\/www.diocesi.pavia.it\/ilpapaapavia\/wp-json\/wp\/v2\/posts\/3469\/revisions\/3471"}],"wp:featuredmedia":[{"embeddable":true,"href":"https:\/\/www.diocesi.pavia.it\/ilpapaapavia\/wp-json\/wp\/v2\/media\/3470"}],"wp:attachment":[{"href":"https:\/\/www.diocesi.pavia.it\/ilpapaapavia\/wp-json\/wp\/v2\/media?parent=3469"}],"wp:term":[{"taxonomy":"category","embeddable":true,"href":"https:\/\/www.diocesi.pavia.it\/ilpapaapavia\/wp-json\/wp\/v2\/categories?post=3469"},{"taxonomy":"post_tag","embeddable":true,"href":"https:\/\/www.diocesi.pavia.it\/ilpapaapavia\/wp-json\/wp\/v2\/tags?post=3469"}],"curies":[{"name":"wp","href":"https:\/\/api.w.org\/{rel}","templated":true}]}}