{"id":3465,"date":"2026-04-17T15:26:10","date_gmt":"2026-04-17T13:26:10","guid":{"rendered":"https:\/\/www.diocesi.pavia.it\/ilpapaapavia\/?p=3465"},"modified":"2026-04-17T15:26:10","modified_gmt":"2026-04-17T13:26:10","slug":"don-giovanni-lodigiani-pavia-attende-il-vicario-di-cristo-non-una-star","status":"publish","type":"post","link":"https:\/\/www.diocesi.pavia.it\/ilpapaapavia\/2026\/04\/17\/don-giovanni-lodigiani-pavia-attende-il-vicario-di-cristo-non-una-star\/","title":{"rendered":"Don Giovanni Lodigiani: \u201cPavia attende il Vicario di Cristo, non una star\u201d"},"content":{"rendered":"<p>L\u2019attesa di Pavia per la visita di Papa Leone XIV non pu\u00f2 essere vissuta come quella per un personaggio celebre o per un grande evento pubblico. A sottolinearlo \u00e8 don Giovanni Angelo Lodigiani, che invita a leggere l\u2019arrivo del Pontefice in una prospettiva profondamente spirituale, ben diversa da quella della semplice curiosit\u00e0 o dell\u2019emozione collettiva. \u201c<em>Pavia sta attendendo la visita del Santo Padre Leone XIV ed \u00e8 adeguato che si prepari con un\u2019attesa che non si pu\u00f2 paragonare all\u2019attesa di una star o di un personaggio illustre, famoso. Il popolo di Dio in Pavia sta attendendo il Vicario di Cristo, colui che manifesta il suo essere in mezzo al popolo come il pastore che conduce il popolo alla pienezza della verit\u00e0<\/em>\u201d. Per don Lodigiani \u00e8 proprio questo il punto decisivo: la visita del Papa non va ridotta a una manifestazione di massa, ma compresa come un incontro che tocca in profondit\u00e0 la vita delle persone. Non soltanto dei credenti pi\u00f9 vicini alla Chiesa, ma, in un certo senso, di tutta la citt\u00e0. \u201c<em>\u00c8 un momento da cuore a cuore, non un evento di massa. \u00c8 un incontro nel quale il Pontefice incontra il cuore di tutti i fedeli, anche dei non fedeli, dei credenti cristiani, e di ogni uomo che vive nella citt\u00e0 di Pavia<\/em>\u201d. In questa chiave, l\u2019attesa diventa gi\u00e0 un modo di prepararsi. Non si tratta semplicemente di aspettare una data sul calendario, ma di disporsi interiormente a cogliere il significato della presenza del Papa, riconoscendo in lui il successore di Pietro e il segno di una guida per il popolo cristiano. Don Lodigiani suggerisce anche un percorso concreto e accessibile a tutti per accompagnare questo cammino di preparazione: conoscere meglio il magistero di Leone XIV, i suoi discorsi, le sue parole, le linee che stanno emergendo nel suo pontificato. \u201c<em>Per prepararci con consapevolezza a questo incontro, tutti possono fare una cosa molto semplice: cercare e leggere qualche discorso, qualche intervento che ha fatto Leone XIV dal maggio dello scorso anno, quando \u00e8 stato eletto, fino ad ora<\/em>\u201d. Secondo il sacerdote, questo pu\u00f2 aiutare a comprendere meglio non solo il profilo del Pontefice, ma anche ci\u00f2 che egli oggi porta nel cuore per la Chiesa e per il mondo. \u201c<em>Si possono cogliere quali sono le sue aspettative, i suoi desideri in ordine alla crescita della fede, quali sono anche le sue preoccupazioni<\/em>\u201d. Tra queste, emerge con particolare forza il tema della pace, che attraversa il presente della Chiesa e del mondo e che interpella direttamente anche il senso della visita a Pavia. \u201c<em>Oggi il mondo sta attraversando un periodo tale per cui il Sommo Pontefice, insieme a tutto il popolo di Dio, versa in uno stato di costante preghiera, di costante richiesta del dono della pace del Signore, che giunge al popolo grazie al dono dello Spirito<\/em>\u201d.<\/p>\n<p><em>Laura Rossi<\/em><\/p>\n<p>[<a href=\"https:\/\/www.diocesi.pavia.it\/ilpapaapavia\/wp-content\/uploads\/sites\/7\/2026\/04\/14.pdf\">il Ticino 17 aprile 2026<\/a>]<\/p>\n","protected":false},"excerpt":{"rendered":"<p>L\u2019attesa di Pavia per la visita di Papa Leone XIV non pu\u00f2 essere vissuta come quella per un personaggio celebre o per un grande evento pubblico. A sottolinearlo \u00e8 don Giovanni Angelo Lodigiani, che invita a leggere l\u2019arrivo del Pontefice in una prospettiva profondamente spirituale, ben diversa da quella della semplice curiosit\u00e0 o dell\u2019emozione collettiva. \u201cPavia sta attendendo la visita del Santo Padre Leone XIV &hellip; <a href=\"https:\/\/www.diocesi.pavia.it\/ilpapaapavia\/2026\/04\/17\/don-giovanni-lodigiani-pavia-attende-il-vicario-di-cristo-non-una-star\/\" class=\"more-link\">Continue reading <span class=\"screen-reader-text\">Don Giovanni Lodigiani: \u201cPavia attende il Vicario di Cristo, non una star\u201d<\/span> <span class=\"meta-nav\">&raquo;<\/span><\/a><\/p>\n","protected":false},"author":3,"featured_media":3466,"comment_status":"closed","ping_status":"closed","sticky":false,"template":"","format":"standard","meta":{"_acf_changed":false,"ip_address":"","user_agent":"","level":"","revision":"","cookie_id":"","page_referer":"","html_form":"","footnotes":""},"categories":[188],"tags":[],"class_list":["post-3465","post","type-post","status-publish","format-standard","has-post-thumbnail","hentry","category-ticino"],"acf":[],"yoast_head":"<!-- This site is optimized with the Yoast SEO plugin v27.4 - https:\/\/yoast.com\/product\/yoast-seo-wordpress\/ -->\n<title>Don Giovanni Lodigiani: \u201cPavia attende il Vicario di Cristo, non una star\u201d - Papa Leone a Pavia<\/title>\n<meta name=\"robots\" content=\"index, follow, max-snippet:-1, max-image-preview:large, max-video-preview:-1\" \/>\n<link rel=\"canonical\" href=\"https:\/\/www.diocesi.pavia.it\/ilpapaapavia\/2026\/04\/17\/don-giovanni-lodigiani-pavia-attende-il-vicario-di-cristo-non-una-star\/\" \/>\n<meta property=\"og:locale\" content=\"it_IT\" \/>\n<meta property=\"og:type\" content=\"article\" \/>\n<meta property=\"og:title\" content=\"Don Giovanni Lodigiani: \u201cPavia attende il Vicario di Cristo, non una star\u201d - Papa Leone a Pavia\" \/>\n<meta property=\"og:description\" content=\"L\u2019attesa di Pavia per la visita di Papa Leone XIV non pu\u00f2 essere vissuta come quella per un personaggio celebre o per un grande evento pubblico. A sottolinearlo \u00e8 don Giovanni Angelo Lodigiani, che invita a leggere l\u2019arrivo del Pontefice in una prospettiva profondamente spirituale, ben diversa da quella della semplice curiosit\u00e0 o dell\u2019emozione collettiva. \u201cPavia sta attendendo la visita del Santo Padre Leone XIV &hellip; Continue reading Don Giovanni Lodigiani: \u201cPavia attende il Vicario di Cristo, non una star\u201d &raquo;\" \/>\n<meta property=\"og:url\" content=\"https:\/\/www.diocesi.pavia.it\/ilpapaapavia\/2026\/04\/17\/don-giovanni-lodigiani-pavia-attende-il-vicario-di-cristo-non-una-star\/\" \/>\n<meta property=\"og:site_name\" content=\"Papa Leone a Pavia\" \/>\n<meta property=\"article:published_time\" content=\"2026-04-17T13:26:10+00:00\" \/>\n<meta property=\"og:image\" content=\"https:\/\/www.diocesi.pavia.it\/ilpapaapavia\/wp-content\/uploads\/sites\/7\/2026\/04\/Screenshot-2026-04-17-152848.png\" \/>\n\t<meta property=\"og:image:width\" content=\"544\" \/>\n\t<meta property=\"og:image:height\" content=\"604\" \/>\n\t<meta property=\"og:image:type\" content=\"image\/png\" \/>\n<meta name=\"author\" content=\"lorenzoventurini\" \/>\n<meta name=\"twitter:card\" content=\"summary_large_image\" \/>\n<meta name=\"twitter:label1\" content=\"Scritto da\" \/>\n\t<meta name=\"twitter:data1\" content=\"lorenzoventurini\" \/>\n\t<meta name=\"twitter:label2\" content=\"Tempo di lettura stimato\" \/>\n\t<meta name=\"twitter:data2\" content=\"3 minuti\" \/>\n<script type=\"application\/ld+json\" class=\"yoast-schema-graph\">{\"@context\":\"https:\\\/\\\/schema.org\",\"@graph\":[{\"@type\":\"Article\",\"@id\":\"https:\\\/\\\/www.diocesi.pavia.it\\\/ilpapaapavia\\\/2026\\\/04\\\/17\\\/don-giovanni-lodigiani-pavia-attende-il-vicario-di-cristo-non-una-star\\\/#article\",\"isPartOf\":{\"@id\":\"https:\\\/\\\/www.diocesi.pavia.it\\\/ilpapaapavia\\\/2026\\\/04\\\/17\\\/don-giovanni-lodigiani-pavia-attende-il-vicario-di-cristo-non-una-star\\\/\"},\"author\":{\"name\":\"lorenzoventurini\",\"@id\":\"https:\\\/\\\/www.diocesi.pavia.it\\\/ilpapaapavia\\\/#\\\/schema\\\/person\\\/0b3e08b619d1bb14527693762fdb0a33\"},\"headline\":\"Don Giovanni Lodigiani: \u201cPavia attende il Vicario di Cristo, non una star\u201d\",\"datePublished\":\"2026-04-17T13:26:10+00:00\",\"mainEntityOfPage\":{\"@id\":\"https:\\\/\\\/www.diocesi.pavia.it\\\/ilpapaapavia\\\/2026\\\/04\\\/17\\\/don-giovanni-lodigiani-pavia-attende-il-vicario-di-cristo-non-una-star\\\/\"},\"wordCount\":486,\"publisher\":{\"@id\":\"https:\\\/\\\/www.diocesi.pavia.it\\\/ilpapaapavia\\\/#organization\"},\"image\":{\"@id\":\"https:\\\/\\\/www.diocesi.pavia.it\\\/ilpapaapavia\\\/2026\\\/04\\\/17\\\/don-giovanni-lodigiani-pavia-attende-il-vicario-di-cristo-non-una-star\\\/#primaryimage\"},\"thumbnailUrl\":\"https:\\\/\\\/www.diocesi.pavia.it\\\/ilpapaapavia\\\/wp-content\\\/uploads\\\/sites\\\/7\\\/2026\\\/04\\\/Screenshot-2026-04-17-152848.png\",\"articleSection\":[\"ticino\"],\"inLanguage\":\"it-IT\"},{\"@type\":\"WebPage\",\"@id\":\"https:\\\/\\\/www.diocesi.pavia.it\\\/ilpapaapavia\\\/2026\\\/04\\\/17\\\/don-giovanni-lodigiani-pavia-attende-il-vicario-di-cristo-non-una-star\\\/\",\"url\":\"https:\\\/\\\/www.diocesi.pavia.it\\\/ilpapaapavia\\\/2026\\\/04\\\/17\\\/don-giovanni-lodigiani-pavia-attende-il-vicario-di-cristo-non-una-star\\\/\",\"name\":\"Don Giovanni Lodigiani: \u201cPavia attende il Vicario di Cristo, non una star\u201d - Papa Leone a Pavia\",\"isPartOf\":{\"@id\":\"https:\\\/\\\/www.diocesi.pavia.it\\\/ilpapaapavia\\\/#website\"},\"primaryImageOfPage\":{\"@id\":\"https:\\\/\\\/www.diocesi.pavia.it\\\/ilpapaapavia\\\/2026\\\/04\\\/17\\\/don-giovanni-lodigiani-pavia-attende-il-vicario-di-cristo-non-una-star\\\/#primaryimage\"},\"image\":{\"@id\":\"https:\\\/\\\/www.diocesi.pavia.it\\\/ilpapaapavia\\\/2026\\\/04\\\/17\\\/don-giovanni-lodigiani-pavia-attende-il-vicario-di-cristo-non-una-star\\\/#primaryimage\"},\"thumbnailUrl\":\"https:\\\/\\\/www.diocesi.pavia.it\\\/ilpapaapavia\\\/wp-content\\\/uploads\\\/sites\\\/7\\\/2026\\\/04\\\/Screenshot-2026-04-17-152848.png\",\"datePublished\":\"2026-04-17T13:26:10+00:00\",\"breadcrumb\":{\"@id\":\"https:\\\/\\\/www.diocesi.pavia.it\\\/ilpapaapavia\\\/2026\\\/04\\\/17\\\/don-giovanni-lodigiani-pavia-attende-il-vicario-di-cristo-non-una-star\\\/#breadcrumb\"},\"inLanguage\":\"it-IT\",\"potentialAction\":[{\"@type\":\"ReadAction\",\"target\":[\"https:\\\/\\\/www.diocesi.pavia.it\\\/ilpapaapavia\\\/2026\\\/04\\\/17\\\/don-giovanni-lodigiani-pavia-attende-il-vicario-di-cristo-non-una-star\\\/\"]}]},{\"@type\":\"ImageObject\",\"inLanguage\":\"it-IT\",\"@id\":\"https:\\\/\\\/www.diocesi.pavia.it\\\/ilpapaapavia\\\/2026\\\/04\\\/17\\\/don-giovanni-lodigiani-pavia-attende-il-vicario-di-cristo-non-una-star\\\/#primaryimage\",\"url\":\"https:\\\/\\\/www.diocesi.pavia.it\\\/ilpapaapavia\\\/wp-content\\\/uploads\\\/sites\\\/7\\\/2026\\\/04\\\/Screenshot-2026-04-17-152848.png\",\"contentUrl\":\"https:\\\/\\\/www.diocesi.pavia.it\\\/ilpapaapavia\\\/wp-content\\\/uploads\\\/sites\\\/7\\\/2026\\\/04\\\/Screenshot-2026-04-17-152848.png\",\"width\":544,\"height\":604},{\"@type\":\"BreadcrumbList\",\"@id\":\"https:\\\/\\\/www.diocesi.pavia.it\\\/ilpapaapavia\\\/2026\\\/04\\\/17\\\/don-giovanni-lodigiani-pavia-attende-il-vicario-di-cristo-non-una-star\\\/#breadcrumb\",\"itemListElement\":[{\"@type\":\"ListItem\",\"position\":1,\"name\":\"Home\",\"item\":\"https:\\\/\\\/www.diocesi.pavia.it\\\/ilpapaapavia\\\/\"},{\"@type\":\"ListItem\",\"position\":2,\"name\":\"Don Giovanni Lodigiani: \u201cPavia attende il Vicario di Cristo, non una star\u201d\"}]},{\"@type\":\"WebSite\",\"@id\":\"https:\\\/\\\/www.diocesi.pavia.it\\\/ilpapaapavia\\\/#website\",\"url\":\"https:\\\/\\\/www.diocesi.pavia.it\\\/ilpapaapavia\\\/\",\"name\":\"Papa Leone a Pavia\",\"description\":\"Diocesi di Pavia\",\"publisher\":{\"@id\":\"https:\\\/\\\/www.diocesi.pavia.it\\\/ilpapaapavia\\\/#organization\"},\"potentialAction\":[{\"@type\":\"SearchAction\",\"target\":{\"@type\":\"EntryPoint\",\"urlTemplate\":\"https:\\\/\\\/www.diocesi.pavia.it\\\/ilpapaapavia\\\/?s={search_term_string}\"},\"query-input\":{\"@type\":\"PropertyValueSpecification\",\"valueRequired\":true,\"valueName\":\"search_term_string\"}}],\"inLanguage\":\"it-IT\"},{\"@type\":\"Organization\",\"@id\":\"https:\\\/\\\/www.diocesi.pavia.it\\\/ilpapaapavia\\\/#organization\",\"name\":\"Papa Leone a Pavia\",\"url\":\"https:\\\/\\\/www.diocesi.pavia.it\\\/ilpapaapavia\\\/\",\"logo\":{\"@type\":\"ImageObject\",\"inLanguage\":\"it-IT\",\"@id\":\"https:\\\/\\\/www.diocesi.pavia.it\\\/ilpapaapavia\\\/#\\\/schema\\\/logo\\\/image\\\/\",\"url\":\"https:\\\/\\\/www.diocesi.pavia.it\\\/ilpapaapavia\\\/wp-content\\\/uploads\\\/sites\\\/7\\\/2026\\\/03\\\/logo_diocesi_papa-1.png\",\"contentUrl\":\"https:\\\/\\\/www.diocesi.pavia.it\\\/ilpapaapavia\\\/wp-content\\\/uploads\\\/sites\\\/7\\\/2026\\\/03\\\/logo_diocesi_papa-1.png\",\"width\":216,\"height\":108,\"caption\":\"Papa Leone a Pavia\"},\"image\":{\"@id\":\"https:\\\/\\\/www.diocesi.pavia.it\\\/ilpapaapavia\\\/#\\\/schema\\\/logo\\\/image\\\/\"}}]}<\/script>\n<!-- \/ Yoast SEO plugin. -->","yoast_head_json":{"title":"Don Giovanni Lodigiani: \u201cPavia attende il Vicario di Cristo, non una star\u201d - Papa Leone a Pavia","robots":{"index":"index","follow":"follow","max-snippet":"max-snippet:-1","max-image-preview":"max-image-preview:large","max-video-preview":"max-video-preview:-1"},"canonical":"https:\/\/www.diocesi.pavia.it\/ilpapaapavia\/2026\/04\/17\/don-giovanni-lodigiani-pavia-attende-il-vicario-di-cristo-non-una-star\/","og_locale":"it_IT","og_type":"article","og_title":"Don Giovanni Lodigiani: \u201cPavia attende il Vicario di Cristo, non una star\u201d - Papa Leone a Pavia","og_description":"L\u2019attesa di Pavia per la visita di Papa Leone XIV non pu\u00f2 essere vissuta come quella per un personaggio celebre o per un grande evento pubblico. A sottolinearlo \u00e8 don Giovanni Angelo Lodigiani, che invita a leggere l\u2019arrivo del Pontefice in una prospettiva profondamente spirituale, ben diversa da quella della semplice curiosit\u00e0 o dell\u2019emozione collettiva. \u201cPavia sta attendendo la visita del Santo Padre Leone XIV &hellip; Continue reading Don Giovanni Lodigiani: \u201cPavia attende il Vicario di Cristo, non una star\u201d &raquo;","og_url":"https:\/\/www.diocesi.pavia.it\/ilpapaapavia\/2026\/04\/17\/don-giovanni-lodigiani-pavia-attende-il-vicario-di-cristo-non-una-star\/","og_site_name":"Papa Leone a Pavia","article_published_time":"2026-04-17T13:26:10+00:00","og_image":[{"width":544,"height":604,"url":"https:\/\/www.diocesi.pavia.it\/ilpapaapavia\/wp-content\/uploads\/sites\/7\/2026\/04\/Screenshot-2026-04-17-152848.png","type":"image\/png"}],"author":"lorenzoventurini","twitter_card":"summary_large_image","twitter_misc":{"Scritto da":"lorenzoventurini","Tempo di lettura stimato":"3 minuti"},"schema":{"@context":"https:\/\/schema.org","@graph":[{"@type":"Article","@id":"https:\/\/www.diocesi.pavia.it\/ilpapaapavia\/2026\/04\/17\/don-giovanni-lodigiani-pavia-attende-il-vicario-di-cristo-non-una-star\/#article","isPartOf":{"@id":"https:\/\/www.diocesi.pavia.it\/ilpapaapavia\/2026\/04\/17\/don-giovanni-lodigiani-pavia-attende-il-vicario-di-cristo-non-una-star\/"},"author":{"name":"lorenzoventurini","@id":"https:\/\/www.diocesi.pavia.it\/ilpapaapavia\/#\/schema\/person\/0b3e08b619d1bb14527693762fdb0a33"},"headline":"Don Giovanni Lodigiani: \u201cPavia attende il Vicario di Cristo, non una star\u201d","datePublished":"2026-04-17T13:26:10+00:00","mainEntityOfPage":{"@id":"https:\/\/www.diocesi.pavia.it\/ilpapaapavia\/2026\/04\/17\/don-giovanni-lodigiani-pavia-attende-il-vicario-di-cristo-non-una-star\/"},"wordCount":486,"publisher":{"@id":"https:\/\/www.diocesi.pavia.it\/ilpapaapavia\/#organization"},"image":{"@id":"https:\/\/www.diocesi.pavia.it\/ilpapaapavia\/2026\/04\/17\/don-giovanni-lodigiani-pavia-attende-il-vicario-di-cristo-non-una-star\/#primaryimage"},"thumbnailUrl":"https:\/\/www.diocesi.pavia.it\/ilpapaapavia\/wp-content\/uploads\/sites\/7\/2026\/04\/Screenshot-2026-04-17-152848.png","articleSection":["ticino"],"inLanguage":"it-IT"},{"@type":"WebPage","@id":"https:\/\/www.diocesi.pavia.it\/ilpapaapavia\/2026\/04\/17\/don-giovanni-lodigiani-pavia-attende-il-vicario-di-cristo-non-una-star\/","url":"https:\/\/www.diocesi.pavia.it\/ilpapaapavia\/2026\/04\/17\/don-giovanni-lodigiani-pavia-attende-il-vicario-di-cristo-non-una-star\/","name":"Don Giovanni Lodigiani: \u201cPavia attende il Vicario di Cristo, non una star\u201d - Papa Leone a Pavia","isPartOf":{"@id":"https:\/\/www.diocesi.pavia.it\/ilpapaapavia\/#website"},"primaryImageOfPage":{"@id":"https:\/\/www.diocesi.pavia.it\/ilpapaapavia\/2026\/04\/17\/don-giovanni-lodigiani-pavia-attende-il-vicario-di-cristo-non-una-star\/#primaryimage"},"image":{"@id":"https:\/\/www.diocesi.pavia.it\/ilpapaapavia\/2026\/04\/17\/don-giovanni-lodigiani-pavia-attende-il-vicario-di-cristo-non-una-star\/#primaryimage"},"thumbnailUrl":"https:\/\/www.diocesi.pavia.it\/ilpapaapavia\/wp-content\/uploads\/sites\/7\/2026\/04\/Screenshot-2026-04-17-152848.png","datePublished":"2026-04-17T13:26:10+00:00","breadcrumb":{"@id":"https:\/\/www.diocesi.pavia.it\/ilpapaapavia\/2026\/04\/17\/don-giovanni-lodigiani-pavia-attende-il-vicario-di-cristo-non-una-star\/#breadcrumb"},"inLanguage":"it-IT","potentialAction":[{"@type":"ReadAction","target":["https:\/\/www.diocesi.pavia.it\/ilpapaapavia\/2026\/04\/17\/don-giovanni-lodigiani-pavia-attende-il-vicario-di-cristo-non-una-star\/"]}]},{"@type":"ImageObject","inLanguage":"it-IT","@id":"https:\/\/www.diocesi.pavia.it\/ilpapaapavia\/2026\/04\/17\/don-giovanni-lodigiani-pavia-attende-il-vicario-di-cristo-non-una-star\/#primaryimage","url":"https:\/\/www.diocesi.pavia.it\/ilpapaapavia\/wp-content\/uploads\/sites\/7\/2026\/04\/Screenshot-2026-04-17-152848.png","contentUrl":"https:\/\/www.diocesi.pavia.it\/ilpapaapavia\/wp-content\/uploads\/sites\/7\/2026\/04\/Screenshot-2026-04-17-152848.png","width":544,"height":604},{"@type":"BreadcrumbList","@id":"https:\/\/www.diocesi.pavia.it\/ilpapaapavia\/2026\/04\/17\/don-giovanni-lodigiani-pavia-attende-il-vicario-di-cristo-non-una-star\/#breadcrumb","itemListElement":[{"@type":"ListItem","position":1,"name":"Home","item":"https:\/\/www.diocesi.pavia.it\/ilpapaapavia\/"},{"@type":"ListItem","position":2,"name":"Don Giovanni Lodigiani: \u201cPavia attende il Vicario di Cristo, non una star\u201d"}]},{"@type":"WebSite","@id":"https:\/\/www.diocesi.pavia.it\/ilpapaapavia\/#website","url":"https:\/\/www.diocesi.pavia.it\/ilpapaapavia\/","name":"Papa Leone a Pavia","description":"Diocesi di Pavia","publisher":{"@id":"https:\/\/www.diocesi.pavia.it\/ilpapaapavia\/#organization"},"potentialAction":[{"@type":"SearchAction","target":{"@type":"EntryPoint","urlTemplate":"https:\/\/www.diocesi.pavia.it\/ilpapaapavia\/?s={search_term_string}"},"query-input":{"@type":"PropertyValueSpecification","valueRequired":true,"valueName":"search_term_string"}}],"inLanguage":"it-IT"},{"@type":"Organization","@id":"https:\/\/www.diocesi.pavia.it\/ilpapaapavia\/#organization","name":"Papa Leone a Pavia","url":"https:\/\/www.diocesi.pavia.it\/ilpapaapavia\/","logo":{"@type":"ImageObject","inLanguage":"it-IT","@id":"https:\/\/www.diocesi.pavia.it\/ilpapaapavia\/#\/schema\/logo\/image\/","url":"https:\/\/www.diocesi.pavia.it\/ilpapaapavia\/wp-content\/uploads\/sites\/7\/2026\/03\/logo_diocesi_papa-1.png","contentUrl":"https:\/\/www.diocesi.pavia.it\/ilpapaapavia\/wp-content\/uploads\/sites\/7\/2026\/03\/logo_diocesi_papa-1.png","width":216,"height":108,"caption":"Papa Leone a Pavia"},"image":{"@id":"https:\/\/www.diocesi.pavia.it\/ilpapaapavia\/#\/schema\/logo\/image\/"}}]}},"_links":{"self":[{"href":"https:\/\/www.diocesi.pavia.it\/ilpapaapavia\/wp-json\/wp\/v2\/posts\/3465","targetHints":{"allow":["GET"]}}],"collection":[{"href":"https:\/\/www.diocesi.pavia.it\/ilpapaapavia\/wp-json\/wp\/v2\/posts"}],"about":[{"href":"https:\/\/www.diocesi.pavia.it\/ilpapaapavia\/wp-json\/wp\/v2\/types\/post"}],"author":[{"embeddable":true,"href":"https:\/\/www.diocesi.pavia.it\/ilpapaapavia\/wp-json\/wp\/v2\/users\/3"}],"replies":[{"embeddable":true,"href":"https:\/\/www.diocesi.pavia.it\/ilpapaapavia\/wp-json\/wp\/v2\/comments?post=3465"}],"version-history":[{"count":1,"href":"https:\/\/www.diocesi.pavia.it\/ilpapaapavia\/wp-json\/wp\/v2\/posts\/3465\/revisions"}],"predecessor-version":[{"id":3468,"href":"https:\/\/www.diocesi.pavia.it\/ilpapaapavia\/wp-json\/wp\/v2\/posts\/3465\/revisions\/3468"}],"wp:featuredmedia":[{"embeddable":true,"href":"https:\/\/www.diocesi.pavia.it\/ilpapaapavia\/wp-json\/wp\/v2\/media\/3466"}],"wp:attachment":[{"href":"https:\/\/www.diocesi.pavia.it\/ilpapaapavia\/wp-json\/wp\/v2\/media?parent=3465"}],"wp:term":[{"taxonomy":"category","embeddable":true,"href":"https:\/\/www.diocesi.pavia.it\/ilpapaapavia\/wp-json\/wp\/v2\/categories?post=3465"},{"taxonomy":"post_tag","embeddable":true,"href":"https:\/\/www.diocesi.pavia.it\/ilpapaapavia\/wp-json\/wp\/v2\/tags?post=3465"}],"curies":[{"name":"wp","href":"https:\/\/api.w.org\/{rel}","templated":true}]}}